{"id":7902,"date":"2020-04-20T20:00:00","date_gmt":"2020-04-20T18:00:00","guid":{"rendered":"http:\/\/www.franciszkanie-warszawa.pl\/?p=7902"},"modified":"2020-04-24T20:11:47","modified_gmt":"2020-04-24T18:11:47","slug":"sp-o-andrzej-kosakowski-1967-2020","status":"publish","type":"post","link":"https:\/\/www.franciszkanie-warszawa.pl\/?p=7902","title":{"rendered":"\u015ap. o. Andrzej Kosakowski (1967-2020)"},"content":{"rendered":"\n<figure class=\"wp-block-image size-entry_without_sidebar\"><img loading=\"lazy\" decoding=\"async\" width=\"840\" height=\"423\" src=\"https:\/\/www.franciszkanie-warszawa.pl\/wp-content\/uploads\/2020\/04\/951364_1587417663-840x423.jpg\" alt=\"\" class=\"wp-image-7903\"\/><\/figure>\n\n\n\n<p class=\"wp-block-paragraph\">\u015ap. Ojciec Andrzej Kosakowski, profes wieczysty Prowincji Matki Bo\u017cej Niepokalanej w Polsce Zakonu Braci Mniejszych Konwentualnych, jubilat w Zakonie i kap\u0142a\u0144stwie, zmar\u0142 20 kwietnia 2020 r. w \u0141odzi w wieku 52 lat, prze\u017cywszy 33 lata w Zakonie i 26 lat w kap\u0142a\u0144stwie.<\/p>\n\n\n\n<p class=\"wp-block-paragraph\">\u015ap. o. Andrzej urodzi\u0142 si\u0119 31 lipca 1967 roku w Zambrowie w \u00f3wczesnym wojew\u00f3dztwie \u0142om\u017cy\u0144skim (dzisiaj podlaskie). Pochodzi\u0142 z robotniczej rodziny Eugeniusza i Stefani Wandy zd. \u015aleszy\u0144ska. Mia\u0142 2 braci i 1 siostr\u0119. Sakrament chrztu otrzyma\u0142 20 sierpnia 1967 r. w parafii pw. Tr\u00f3jcy Przenaj\u015bwi\u0119tszej w Zambrowie, a sakrament bierzmowania przyj\u0105\u0142 22 maja 1982 r. w tym samym&nbsp;ko\u015bciele z r\u0105k ks. bpa Tadeusza Zawistowskiego, Biskupa pomocniczego Diecezji \u0142om\u017cy\u0144skiej.<\/p>\n\n\n\n<p class=\"wp-block-paragraph\">Ucz\u0119szcza\u0142 do Szkoty Podstawowej nr 5 w Zambrowie. Od wrze\u015bnia 1982 r. rozpocz\u0105\u0142 nauk\u0119 w klasie o profilu podstawowym w Liceum Og\u00f3lnokszta\u0142c\u0105cym dla Pracuj\u0105cych w Zambrowie, gdzie zda\u0142 egzamin maturalny.<\/p>\n\n\n\n<p class=\"wp-block-paragraph\">Ju\u017c w szkole podstawowej odczuwa\u0142 pragnienie wst\u0105pienia do Zakonu. Ostateczn\u0105 decyzj\u0119 &#8211; jak sam pisze &#8211; od\u0142o\u017cy\u0142, postanawiaj\u0105c wpierw uko\u0144czy\u0107 szko\u0142\u0119 \u015bredni\u0105. Lata szkolne i pos\u0142uga jako ministranta utwierdzi\u0142y go w prawdziwo\u015bci podj\u0119tej wcze\u015bniej decyzji&#8221;&nbsp;<em>(\u017byciorys,&nbsp;<\/em>16.06.1986). Pierwotnie wyrazi\u0142 ch\u0119\u0107 bycia bratem zakonnym, jednak po rozmowie w siedzibie Kurii, w zwi\u0105zku z posiadan\u0105 matur\u0105, podj\u0105\u0142 drog\u0119 przygotowania w kierunku kap\u0142a\u0144stwa.<\/p>\n\n\n\n<p class=\"wp-block-paragraph\">Od 10 wrze\u015bnia 1986 roku, maj\u0105c o. Miko\u0142aja Walczaka za Mistrza, przygotowywa\u0142 si\u0119 na nowicjacie w Smardzewicach do z\u0142o\u017cenia pierwszych \u015blub\u00f3w zakonnych, kt\u00f3re z\u0142o\u017cy\u0142 10 wrze\u015bnia 1987 roku na r\u0119ce o. Leona Rawalskiego, \u00f3wczesnego Prowincja\u0142a Prowincji Gda\u0144skiej. Po latach pr\u00f3by, w uroczysto\u015b\u0107 \u015bw. Franciszka z Asy\u017cu 4 pa\u017adziernika 1991 roku, w sanktuarium w \u0141odzi \u0141agiewnikach, delegat Ministra prowincjalnego i Sekretarz Prowincji, o. Albert Szczesiul, przyj\u0105\u0142 jego profesj\u0119 wieczyst\u0105.<\/p>\n\n\n\n<p class=\"wp-block-paragraph\">Po kanonicznym roku nowicjatu, o. Andrzej rozpocz\u0105\u0142 formacj\u0119 do kap\u0142a\u0144stwa i studia filozoficzno-teologiczne w Wy\u017cszym Seminarium Duchownym 00. Franciszkan\u00f3w w \u0141odzi \u0141agiewnikach. Sakrament \u015bwi\u0119ce\u0144 w stopniu diakonatu przyj\u0105\u0142 w \u0142agiewnickim Sanktuarium 6 czerwca 1992 roku r. z r\u0105k ks. bpa Jana Kulika, Wikariusza Generalnego Archidiecezji \u0141\u00f3dzkiej, a \u015bwi\u0119cenia prezbiteratu w dniu 29 maja 1993 roku w tym samym Sanktuarium antonia\u0144skim z r\u0105k \u00f3wczesnego Nuncjusza Apostolskiego w Polsce, ks. abpa J\u00f3zefa Kowalczyka.<\/p>\n\n\n\n<p class=\"wp-block-paragraph\">Zaraz po \u015bwi\u0119ceniach uda\u0142 si\u0119 na zast\u0119pstwo wakacyjne do Miedniewic, a nast\u0119pnie do pracy duszpasterskiej w Smardzewicach. Po roku pos\u0142ugi, w sierpniu 1994 r. zosta\u0142 skierowany do parafii \u015bw. Maksymiliana w \u0141odzi (D\u0105browa). W sierpniu 1996 r. obediencja posta\u0142a go do Radziejowa, gdzie pos\u0142ugiwa\u0142 g\u0142\u00f3wnie jako katecheta. W lipcu 1998 r. trafi\u0142 do Kalisza, pracuj\u0105c przez rok w szkole jako katecheta; a nast\u0119pnie w sierpniu 1999 na dwa lata do Niepokalanowa, s\u0142u\u017c\u0105c g\u0142\u00f3wnie jako rekolekcjonista ludowy. R\u00f3wnie\u017c dwa lata (09\/2001-09\/2003) przebywa\u0142 w naszym klasztorze w Warszawie, gdzie pe\u0142ni\u0142 m.in. funkcj\u0119 Przewodnicz\u0105cego Rady Asystent\u00f3w Regionu Warszawskiego Franciszka\u0144skiego Zakonu \u015awieckich. Ze Stolicy zosta\u0142 pos\u0142any do \u015awi\u0119tego Konwentu w Asy\u017cu, gdzie pos\u0142ugiwa\u0142 przy naszej Bazylice Patriarchalnej, oprowadzaj\u0105c liczne grupy i spowiadaj\u0105c pielgrzym\u00f3w w j\u0119zyku polskim. W pa\u017adzierniku 2005&nbsp;r. powr\u00f3ci\u0142 do kraju, by rozpocz\u0105\u0107 pos\u0142ug\u0119 w parafii \u015bw. Franciszka w Zielonej G\u00f3rze (Prowincja krakowska). Jednak w kwietniu 2006 r. ponownie zosta\u0142 skierowany do Niepokalanowa. Ostatnim miejscem pobytu i pracy o. Andrzeja byt klasztor pw. Matki Bo\u017cej Anielskiej w \u0141odzi przy ul. Krasickiego, gdzie zosta\u0142 przeniesiony w pa\u017adzierniku 2016 r.<\/p>\n\n\n\n<p class=\"wp-block-paragraph\">O. Andrzej od pocz\u0105tku pragn\u0105\u0142 11po\u015bwi\u0119ci\u0107 si\u0119 s\u0142u\u017cbie Bogu i bli\u017aniemu w Zakonie Ojc\u00f3w Franciszkan\u00f3w&#8221;&nbsp;<em>(Pro\u015bba&nbsp;<\/em>o&nbsp;<em>przyj\u0119cie do Zakonu,&nbsp;<\/em>16.06.1986). Przez wszystkie lata formacji uchodzi\u0142 za osob\u0119 prostolinijn\u0105, cich\u0105, szczer\u0105 i pracowit\u0105. Jeszcze przed \u015blubami wieczystymi wyrazi\u0142 pragnienie pos\u0142ugi jako misjonarz ludowy, kt\u00f3re to wielokrotnie potwierdza\u0142 ju\u017c jako kaptan. Mimo wielu trudno\u015bci i s\u0142abo\u015bci, a tak\u017ce choroby, stara\u0142 si\u0119 pracowa\u0107 jak najlepiej dla dobra tych, do kt\u00f3rych zosta\u0142 pos\u0142any na mocy zakonnej obediencji.<\/p>\n\n\n\n<p class=\"wp-block-paragraph\">\u017begnaj\u0105c \u015bp. o. Andrzeja, przede wszystkim wyra\u017camy nasz\u0105 wdzi\u0119czno\u015b\u0107 Panu Bogu za dar powo\u0142ania go do naszego Zakonu. Natomiast Jego samego polecamy Bo\u017cemu Mi\u0142osierdziu i przemo\u017cnemu or\u0119downictwu naszej Patronki i Kr\u00f3lowej, Matki Bo\u017cej Niepokalanej.<\/p>\n\n\n\n<p class=\"wp-block-paragraph\">Uroczysto\u015bci pogrzebowe \u015bp. ojca Andrzeja Kosakowskiego odbyty si\u0119 dnia 22 kwietnia 2020 roku w \u0141odzi. Rozpocz\u0119ty si\u0119 o godz. 10.30 modlitw\u0105 r\u00f3\u017ca\u0144cow\u0105 w naszym ko\u015bciele pw. Matki Bo\u017cej Anielskiej w \u0141odzi. Nast\u0119pnie Mszy \u015awi\u0119tej o godz. 11.00 przewodniczy\u0142 o. Prowincja\u0142 Wies\u0142aw Pyzio, kt\u00f3ry te\u017c wyg\u0142osi\u0142 okoliczno\u015bciow\u0105 homili\u0119. Trumn\u0119 zmar\u0142ego przewieziono na cmentarz parafialny w \u0141odzi \u0141agiewnikach. Kondukt \u017ca\u0142obny poprowadzi\u0142&nbsp;o. Piotr Kleszcz, Gwardian klasztoru w \u0141odzi, ul. Krasickiego 2.<\/p>\n\n\n\n<p class=\"wp-block-paragraph\">o. Jan M. Olszewski<\/p>\n\n\n\n<p class=\"wp-block-paragraph\"><em>Archiwista Prowincji<\/em><em><\/em><\/p>\n","protected":false},"excerpt":{"rendered":"<p>\u015ap. Ojciec Andrzej Kosakowski, profes wieczysty Prowincji Matki Bo\u017cej Niepokalanej w Polsce Zakonu Braci Mniejszych Konwentualnych, jubilat w Zakonie i kap\u0142a\u0144stwie, zmar\u0142 20 kwietnia 2020 r. w \u0141odzi w wieku 52 lat, prze\u017cywszy 33 lata w Zakonie i 26 lat w kap\u0142a\u0144stwie. \u015ap. o. Andrzej urodzi\u0142 si\u0119 31 lipca 1967 roku w Zambrowie w \u00f3wczesnym [&hellip;]<\/p>\n","protected":false},"author":1,"featured_media":7892,"comment_status":"open","ping_status":"closed","sticky":false,"template":"","format":"standard","meta":{"_crdt_document":"","footnotes":""},"categories":[55],"tags":[],"class_list":["post-7902","post","type-post","status-publish","format-standard","has-post-thumbnail","hentry","category-nekrologi"],"_links":{"self":[{"href":"https:\/\/www.franciszkanie-warszawa.pl\/index.php?rest_route=\/wp\/v2\/posts\/7902","targetHints":{"allow":["GET"]}}],"collection":[{"href":"https:\/\/www.franciszkanie-warszawa.pl\/index.php?rest_route=\/wp\/v2\/posts"}],"about":[{"href":"https:\/\/www.franciszkanie-warszawa.pl\/index.php?rest_route=\/wp\/v2\/types\/post"}],"author":[{"embeddable":true,"href":"https:\/\/www.franciszkanie-warszawa.pl\/index.php?rest_route=\/wp\/v2\/users\/1"}],"replies":[{"embeddable":true,"href":"https:\/\/www.franciszkanie-warszawa.pl\/index.php?rest_route=%2Fwp%2Fv2%2Fcomments&post=7902"}],"version-history":[{"count":0,"href":"https:\/\/www.franciszkanie-warszawa.pl\/index.php?rest_route=\/wp\/v2\/posts\/7902\/revisions"}],"wp:featuredmedia":[{"embeddable":true,"href":"https:\/\/www.franciszkanie-warszawa.pl\/index.php?rest_route=\/wp\/v2\/media\/7892"}],"wp:attachment":[{"href":"https:\/\/www.franciszkanie-warszawa.pl\/index.php?rest_route=%2Fwp%2Fv2%2Fmedia&parent=7902"}],"wp:term":[{"taxonomy":"category","embeddable":true,"href":"https:\/\/www.franciszkanie-warszawa.pl\/index.php?rest_route=%2Fwp%2Fv2%2Fcategories&post=7902"},{"taxonomy":"post_tag","embeddable":true,"href":"https:\/\/www.franciszkanie-warszawa.pl\/index.php?rest_route=%2Fwp%2Fv2%2Ftags&post=7902"}],"curies":[{"name":"wp","href":"https:\/\/api.w.org\/{rel}","templated":true}]}}