{"id":7767,"date":"2018-08-23T17:05:03","date_gmt":"2018-08-23T15:05:03","guid":{"rendered":"http:\/\/www.franciszkanie-warszawa.pl\/?p=7767"},"modified":"2018-08-23T17:15:39","modified_gmt":"2018-08-23T15:15:39","slug":"papiez-franciszek-poblogoslawi-oltarz-ktory-stanie-w-swiatowym-centrum-modlitwy-o-pokoj-w-niepokalanowie","status":"publish","type":"post","link":"https:\/\/www.franciszkanie-warszawa.pl\/?p=7767","title":{"rendered":"Papie\u017c Franciszek pob\u0142ogos\u0142awi o\u0142tarz, kt\u00f3ry stanie w \u015awiatowym Centrum Modlitwy o Pok\u00f3j w Niepokalanowie"},"content":{"rendered":"<p class=\"lead\">Papie\u017c Franciszek 29 sierpnia pob\u0142ogos\u0142awi o\u0142tarz, kt\u00f3ry stanie w kaplicy adoracji w \u015awiatowym Centrum Modlitwy o Pok\u00f3j w Niepokalanowie &#8211; poinformowa\u0142a w komunikacie przes\u0142anym we wtorek PAP parafia w Niepokalanowie.<\/p>\n<div class=\"field field--name-body field--type-text-with-summary field--label-hidden field--item\">\n<p>Jak czytamy w komunikacie, we wrze\u015bniu w Niepokalanowie zostanie otwarte jedno z dwunastu \u015awiatowych Centr\u00f3w Modlitwy o Pok\u00f3j. Powstaj\u0105 one na wszystkich kontynentach pod nazw\u0105 &#8220;12 Gwiazd w Koronie Kr\u00f3lowej Pokoju&#8221;. Centra takie istniej\u0105 w Betlejem w Izraelu, Oziornoje w Kazachstanie, Medjugorie w Bo\u015bni i Hercegowinie, Jamusukro w Wybrze\u017cu Ko\u015bci S\u0142oniowej, Namyangu w Korei Po\u0142udniowej i Kibeho w Rwandzie. Si\u00f3dma Gwiazda powstaje w Dagupanie na Filipinach. Niepokalan\u00f3w jest \u00f3sm\u0105.<\/p>\n<p>Sercem obiektu b\u0119dzie Kaplica Wieczystej Adoracji Naj\u015bwi\u0119tszego Sakramentu. W jej centrum stanie naturalnej wielko\u015bci figura Maryi z otwartymi w ge\u015bcie zaproszenia d\u0142o\u0144mi. Pod rozchylonymi szatami Matki Bo\u017cej znajdzie si\u0119 20-centymetrowa pod\u015bwietlona hostia. Posta\u0107 Maryi, jak r\u00f3wnie\u017c otaczaj\u0105cy j\u0105 wieniec lilii, zostan\u0105 pokryte srebrem. Reszta o\u0142tarza zostanie wykonana z kryszta\u0142u. Kszta\u0142tem nawi\u0105\u017ce do Cudownego Medalika Niepokalanej, propagowanego przez \u015bw. Maksymiliana Kolbego. Podobnie jak inne o\u0142tarze \u015awiatowych Centr\u00f3w Modlitwy o Pok\u00f3j, ten r\u00f3wnie\u017c powstanie w pracowni gda\u0144skich artyst\u00f3w Mariusza i Kamila Drapikowskich. Wykonali oni m.in. bursztynow\u0105 sukienk\u0119 dla Matki Bo\u017cej Cz\u0119stochowskiej.<\/p>\n<p>Jak powiedzia\u0142 PAP proboszcz parafii w Niepokalanowie, franciszkanin o. Andrzej S\u0105siadek, impulsem do tego, by kolejne \u015awiatowe Centrum Modlitwy o Pok\u00f3j powsta\u0142o w Niepokalanowie, sta\u0142o si\u0119 odnalezienie w klasztornym archiwum listu \u015bw. Maksymiliana Kolbego z 1934 r. Za\u0142o\u017cyciel Niepokalanowa pisa\u0142 w nim, \u017ce pragnie, by powsta\u0142a tu kaplica adoracji, kt\u00f3rej centralnym punktem b\u0119dzie &#8220;figura Niepokalanej w wielkim o\u0142tarzu, a na jej tle, pomi\u0119dzy roz\u0142o\u017conymi r\u0119kami, monstrancja w ci\u0105g\u0142ym wystawieniu Przenaj\u015bwi\u0119tszego Sakramentu&#8221;.<\/p>\n<p>Wed\u0142ug autor\u00f3w komunikatu 29 sierpnia podczas audiencji generalnej w Watykanie o\u0142tarz \u015awiatowego Centrum Modlitwy o Pok\u00f3j pob\u0142ogos\u0142awi papie\u017c Franciszek. Inauguracja niepokalanowskiego \u015awiatowego Centrum Modlitwy o Pok\u00f3j odb\u0119dzie si\u0119 1 wrze\u015bnia o godz. 12.00. Mszy \u015bw. inauguruacyjnej przewodniczy\u0107 b\u0119dzie nuncjusz apostolski w Polsce abp Salvatore Pennacchio, homili\u0119 wyg\u0142osi przewodnicz\u0105cy Konferencji Episkopatu Polski abp Stanis\u0142aw G\u0105decki. Po mszy nast\u0105pi po\u015bwi\u0119cenie Kaplicy Wieczystej Adoracji Naj\u015bwi\u0119tszego Sakramentu. Nast\u0119pnie zostanie ona otwarta dla pielgrzym\u00f3w i rozpocznie si\u0119 wieczysta adoracja.<\/p>\n<p>Jak informuj\u0105 organizatorzy, trwaj\u0105 zapisy na uroczysto\u015b\u0107 inauguracji. Ch\u0119tni mog\u0105 otrzyma\u0107 bezp\u0142atne bilety, rejestruj\u0105c si\u0119 na stronie internetowej https:\/\/kaplica.niepokalanow.pl w zak\u0142adce &#8220;uroczysto\u015b\u0107 inauguracji&#8221;..<\/p>\n<p>Dzie\u0142o stworzenia dwunastu \u015awiatowych Centr\u00f3w Modlitwy o Pok\u00f3j rozpocz\u0119\u0142o w 2008 r. stowarzyszenie Communita Regina della Pace. Budow\u0119 polskiej kaplicy honorowym patronatem obj\u0119li prezydent Andrzej Duda, przewodnicz\u0105cy Konferencji Episkopatu Polski abp Stanis\u0142aw G\u0105decki i metropolita warszawski kardyna\u0142 Kazimierz Nycz.<\/p>\n<p><a href=\"https:\/\/www.franciszkanie-warszawa.pl\/wp-content\/uploads\/2018\/08\/swiatowe-centrum-modlitwy-o-pokoj.jpg\"><img loading=\"lazy\" decoding=\"async\" class=\"size-full wp-image-7769 aligncenter\" src=\"https:\/\/www.franciszkanie-warszawa.pl\/wp-content\/uploads\/2018\/08\/swiatowe-centrum-modlitwy-o-pokoj.jpg\" alt=\"\" width=\"600\" height=\"400\" srcset=\"https:\/\/www.franciszkanie-warszawa.pl\/wp-content\/uploads\/2018\/08\/swiatowe-centrum-modlitwy-o-pokoj.jpg 600w, https:\/\/www.franciszkanie-warszawa.pl\/wp-content\/uploads\/2018\/08\/swiatowe-centrum-modlitwy-o-pokoj-300x200.jpg 300w, https:\/\/www.franciszkanie-warszawa.pl\/wp-content\/uploads\/2018\/08\/swiatowe-centrum-modlitwy-o-pokoj-450x300.jpg 450w\" sizes=\"auto, (max-width: 600px) 100vw, 600px\" \/><\/a><\/p>\n<\/div>\n","protected":false},"excerpt":{"rendered":"<p>Papie\u017c Franciszek 29 sierpnia pob\u0142ogos\u0142awi o\u0142tarz, kt\u00f3ry stanie w kaplicy adoracji w \u015awiatowym Centrum Modlitwy o Pok\u00f3j w Niepokalanowie &#8211; poinformowa\u0142a w komunikacie przes\u0142anym we wtorek PAP parafia w Niepokalanowie. Jak czytamy w komunikacie, we wrze\u015bniu w Niepokalanowie zostanie otwarte jedno z dwunastu \u015awiatowych Centr\u00f3w Modlitwy o Pok\u00f3j. Powstaj\u0105 one na wszystkich kontynentach pod nazw\u0105 [&hellip;]<\/p>\n","protected":false},"author":1,"featured_media":7768,"comment_status":"open","ping_status":"closed","sticky":false,"template":"","format":"standard","meta":{"_crdt_document":"","footnotes":""},"categories":[56],"tags":[],"class_list":["post-7767","post","type-post","status-publish","format-standard","has-post-thumbnail","hentry","category-z-zycia-prowincji"],"_links":{"self":[{"href":"https:\/\/www.franciszkanie-warszawa.pl\/index.php?rest_route=\/wp\/v2\/posts\/7767","targetHints":{"allow":["GET"]}}],"collection":[{"href":"https:\/\/www.franciszkanie-warszawa.pl\/index.php?rest_route=\/wp\/v2\/posts"}],"about":[{"href":"https:\/\/www.franciszkanie-warszawa.pl\/index.php?rest_route=\/wp\/v2\/types\/post"}],"author":[{"embeddable":true,"href":"https:\/\/www.franciszkanie-warszawa.pl\/index.php?rest_route=\/wp\/v2\/users\/1"}],"replies":[{"embeddable":true,"href":"https:\/\/www.franciszkanie-warszawa.pl\/index.php?rest_route=%2Fwp%2Fv2%2Fcomments&post=7767"}],"version-history":[{"count":0,"href":"https:\/\/www.franciszkanie-warszawa.pl\/index.php?rest_route=\/wp\/v2\/posts\/7767\/revisions"}],"wp:featuredmedia":[{"embeddable":true,"href":"https:\/\/www.franciszkanie-warszawa.pl\/index.php?rest_route=\/wp\/v2\/media\/7768"}],"wp:attachment":[{"href":"https:\/\/www.franciszkanie-warszawa.pl\/index.php?rest_route=%2Fwp%2Fv2%2Fmedia&parent=7767"}],"wp:term":[{"taxonomy":"category","embeddable":true,"href":"https:\/\/www.franciszkanie-warszawa.pl\/index.php?rest_route=%2Fwp%2Fv2%2Fcategories&post=7767"},{"taxonomy":"post_tag","embeddable":true,"href":"https:\/\/www.franciszkanie-warszawa.pl\/index.php?rest_route=%2Fwp%2Fv2%2Ftags&post=7767"}],"curies":[{"name":"wp","href":"https:\/\/api.w.org\/{rel}","templated":true}]}}