{"id":7764,"date":"2018-08-13T16:51:36","date_gmt":"2018-08-13T14:51:36","guid":{"rendered":"http:\/\/www.franciszkanie-warszawa.pl\/?p=7764"},"modified":"2018-08-23T16:57:49","modified_gmt":"2018-08-23T14:57:49","slug":"wzor-przelozenstwa-o-maurycy-madzurek-1884-1945","status":"publish","type":"post","link":"https:\/\/www.franciszkanie-warszawa.pl\/?p=7764","title":{"rendered":"Wz\u00f3r prze\u0142o\u017ce\u0144stwa \u2013 o. Maurycy Madzurek (1884-1945)"},"content":{"rendered":"<p>Pierwszy prowincja\u0142 prowincji warszawskiej, p\u00f3\u0142nocnej b\u0105d\u017a mazowiecko-wielkopolskiej &#8211; jak j\u0105 zwyk\u0142o si\u0119 nazywa\u0107 &#8211; to cz\u0142owiek wielkiego formatu. W opinii swoich podw\u0142adnych zyska\u0142 wielki autorytet, co budzi\u0142o wobec niego du\u017cy szacunek i poszanowanie. Tym zakonnikiem wybranym podczas kapitu\u0142y prowincjalnej w sierpniu 1939 roku na stanowisko prowincja\u0142a by\u0142 o. Maurycy Madzurek.<span class=\"Apple-converted-space\">\u00a0<\/span><\/p>\n<p>Urodzi\u0142 si\u0119 6 sierpnia 1884 roku w miejscowo\u015bci Bojan na Bukowinie. Na chrzcie otrzyma\u0142 imi\u0119 Jan. Do Zakonu OO. Franciszkan\u00f3w wst\u0105pi\u0142 27 wrze\u015bnia 1904 roku rozpoczynaj\u0105c nowicjat we Lwowie. Dnia 29 wrze\u015bnia 1905 roku we Lwowie z\u0142o\u017cy\u0142 \u015bluby czasowe. Studia filozoficzno-teologiczne odby\u0142 w Krakowie, gdzie z\u0142o\u017cy\u0142 8 grudnia 1908 roku \u015bluby wieczyste. Dnia 29 wrze\u015bnia 1911 roku przyj\u0105\u0142 \u015bwi\u0119cenia kap\u0142a\u0144skie w Krakowie. Po sko\u0144czonych studiach pracowa\u0142 w Ja\u015ble i we Lwowie. W latach 1918-1924 by\u0142 gwardianem w Kaliszu, za\u015b w latach 1924-1927 by\u0142 gwardianem i proboszczem w Grodnie. W tym czasie by\u0142 bezpo\u015brednim prze\u0142o\u017conym o. Maksymilian Kolbe i tworz\u0105cego si\u0119 w tym czasie wydawnictwa \u201eRycerza Niepokalanej\u201d. Potem w latach 1927-1936 pe\u0142ni\u0142 urz\u0105d gwardiana i proboszcza w Gnie\u017anie. Na kapitule prowincjalnej w 1936 roku zosta\u0142 wybrany sekretarzem prowincji oraz dodatkowo w latach 1936-1939 pe\u0142ni\u0142 obowi\u0105zki ojca duchownego kleryk\u00f3w w seminarium w Krakowie.<span class=\"Apple-converted-space\">\u00a0<\/span><\/p>\n<p>Wybrany prowincja\u0142em prowincji mazowiecko-wielkopolskiej w sierpniu 1939 roku obj\u0105\u0142 rz\u0105dy w nowoutworzonej prowincji. Po wybuchu II wojny \u015bwiatowej wielu zakonnik\u00f3w z obu prowincji znalaz\u0142o si\u0119 poza domami zakonnymi w rozproszeniu i nie zdo\u0142a\u0142o obj\u0105\u0107 funkcji wyznaczonych przez kapitu\u0142y prowincjalne z 1939 roku. Po zaj\u0119ciu przez III Rzesz\u0119 i sowieck\u0105 Rosj\u0119 terenu Polski zosta\u0142a podzielona na dwie cz\u0119\u015bci. Zabrak\u0142o w\u0142adz zakonnych w obydwu cz\u0119\u015bciach prowincji po\u0142udniowej oraz w cz\u0119\u015bci prowincji p\u00f3\u0142nocnej, znajduj\u0105cej si\u0119 pod administracj\u0105 radzieck\u0105.<span class=\"Apple-converted-space\">\u00a0<\/span><\/p>\n<p>Genera\u0142 zakonu o. Beda Hess na miejsce prowincja\u0142a o. Wincentego Borunia, kt\u00f3ry wyjecha\u0142 do W\u0142och, mianowa\u0142 komisarzem generalnym dla prowincji po\u0142udniowej o. Maurycego Madzurka. On to na klasztory po\u0142udniowej prowincji po\u0142o\u017cone w Generalnym Gubernatorstwie wyznaczy\u0142 swego delegata, kt\u00f3rym zosta\u0142 o. Anzelm Kubit. Po kilku miesi\u0105cach zosta\u0142 on mianowany przez o. Bed\u0119 Hessa komisarzem generalnym.<\/p>\n<p>Po up\u0142ywie kilkunastu miesi\u0119cy wojny prowincja p\u00f3\u0142nocna na terenie Generalnej Guberni mia\u0142a w posiadaniu ju\u017c tylko trzy klasztory w Niepokalanowie, Warszawie, i Skar\u017cysku-Kamiennej.<span class=\"Apple-converted-space\">\u00a0 <\/span>W tym ostatnim klasztorze w\u0142adze okupacyjne wymordowa\u0142y za udzia\u0142 w pracy konspiracyjnej trzech ojc\u00f3w i czterech braci zakonnych razem z kilkusetosobow\u0105 grup\u0105 cywil\u00f3w. Mia\u0142o to miejsce 14 lutego 1940 roku na Borze pod Skar\u017cyskiem-Kamienn\u0105. Klasztor z r\u00f3\u017cnymi kolejami losu przetrwa\u0142 do 1943 roku, kiedy to obsadzono go kap\u0142anem diecezjalnym. W sierpniu 1944 roku w\u0142adze niemieckie zniszczy\u0142y klasztor franciszka\u0144ski w Warszawie razem z reszt\u0105 stolicy podczas walk powstania warszawskiego. Zakonnicy podzielili los mieszka\u0144c\u00f3w miasta i znale\u017ali si\u0119 w obozie przesiedle\u0144czym w Pruszkowie.<\/p>\n<p>Na skutek dzia\u0142a\u0144 wojennych zupe\u0142nie utraci\u0142y kontakt z prowincja\u0142em prowincji p\u00f3\u0142nocnej klasztory w Dzi\u015bnie, Grodnie, Iwie\u0144cu, Wilnie i Zaczepicach. Z tych klasztor\u00f3w znajduj\u0105cych si\u0119 na terenie okupacji sowieckiej, jak te\u017c ze wschodniej cz\u0119\u015bci prowincji po\u0142udniowej powsta\u0142 tzw. komisariat lwowski, pod zarz\u0105dem o. Alberta Wojtczaka. Jednak po up\u0142ywie trzech lat o. Albert zrezygnowa\u0142 z urz\u0119du komisarza.<span class=\"Apple-converted-space\">\u00a0<\/span><\/p>\n<p>Genera\u0142 zakonu o. Beda Hess 8 stycznia 1943 roku mianowa\u0142 nowego komisarza, kt\u00f3rym zosta\u0142 o. Korneli Czupryk. Pe\u0142ni\u0142 on t\u0119 funkcj\u0119 do ko\u0144ca II wojny \u015bwiatowej. W 1943 roku pi\u0119\u0107 klasztor\u00f3w prowincji p\u00f3\u0142nocnej, kt\u00f3re od 1939 roku nale\u017ca\u0142y do komisariatu lwowskiego, na skutek decyzji definitorium generalnego z 1942 roku powr\u00f3ci\u0142o pod jurysdykcj\u0119 o. Maurycego Madzurka. Jednak stan materialny tych klasztor\u00f3w jak i straty personalne by\u0142y tak du\u017ce, \u017ce mo\u017cna stwierdzi\u0107, i\u017c praktycznie przesta\u0142y istnie\u0107. Jedynie klasztor w Niepokalanowie pozosta\u0142 do ko\u0144ca i jako jedyny z prowincji p\u00f3\u0142nocnej doczeka\u0142 ko\u0144ca II wojny \u015bwiatowej. Tam te\u017c we wrze\u015bniu 1944 roku o. Maurycy Madzurek tymczasowo przeni\u00f3s\u0142 siedzib\u0119 prowincja\u0142a.<\/p>\n<p>W swoich wspomnieniach o. Florian Koziura wspomina o. Maurycego Madzurka, jako cz\u0142owieka niezwykle bohaterskiego i nieugi\u0119tego. <i>W pierwszych latach zawieruchy wojennej gestapo cz\u0119sto mu dokucza\u0142o rozmaitymi kontrolami, wzywaniami do urz\u0119du, gro\u017abami aresztowania, rozstrzelaniem itp. On mimo to sta\u0142 twardo na posterunku, trzymaj\u0105c \u015bmia\u0142o w gar\u015bci rz\u0105dy powierzonej sobie Prowincji. Odwa\u017cnie \u015bci\u0105ga wszystkich, co si\u0119 rozbiegli<span class=\"Apple-converted-space\">\u00a0 <\/span>do klasztoru, nie zwa\u017caj\u0105c na przykro\u015bci, jakie niejeden podw\u0142adny mu wyrz\u0105dzi\u0142; nie obawia si\u0119 przyjmowa\u0107 do zakonu nowych kandydat\u00f3w i prowadzi\u0107 studia, cho\u0107 naje\u017ad\u017aca tropi\u0142 go bardzo i surowo kara\u0142 obozami lub nawet rozstrzelaniami.<span class=\"Apple-converted-space\">\u00a0<\/span><\/i><\/p>\n<p>Postawa o. Maurycego Madzurka podczas powstania warszawskiego te\u017c pozostawia jasny przyk\u0142ad i jego heroizm. Podczas pierwszych dni powstania warszawskiego w sto\u0142ecznym klasztorze zni\u00f3s\u0142 klauzur\u0119, aby umo\u017cliwi\u0107 opiek\u0119 i schronienie pobliskiej ludno\u015bci i powsta\u0144com. Pod koniec sierpnia 1944 roku znalaz\u0142 si\u0119 wraz ze wsp\u00f3\u0142bra\u0107mi z warszawskiego klasztoru w obozie przej\u015bciowym w Pruszkowie. Stamt\u0105d zosta\u0142 za protekcj\u0105 zwolniony i wraz z innymi znalaz\u0142 si\u0119 w Niepokalanowie. Dla bezpiecze\u0144stwa urz\u0119du zamieszka\u0142 w domu wypoczynkowym klasztoru w Niepokalanowie w tzw. \u201eLasku\u201d.<\/p>\n<p>Po zako\u0144czeniu dzia\u0142a\u0144 wojennych na polecenie w\u0142adz ko\u015bcielnych i po pro\u015bbie w\u0142adz pa\u0144stwowych zorganizowa\u0142 duszpasterstwo na wyznaczonych terenach Ziem Odzyskanych. Zgromadzonych w Niepokalanowie kap\u0142an\u00f3w wysy\u0142a\u0142 na nowo obj\u0119te plac\u00f3wki na Pomorzu i Prusach Wschodnich.<span class=\"Apple-converted-space\">\u00a0<\/span><\/p>\n<p>O. Florian Koziura wspominaj\u0105c ten czas podkre\u015bla jego bezkompromisow\u0105 postaw\u0119. <i>Ci\u0119\u017ckie rz\u0105dy Prowincj\u0105 trzyma\u0142 do ostatniej chwili; wszystkie listy sam odpisywa\u0142 i to w pozycji le\u017c\u0105cej w \u0142\u00f3\u017cku; wszystkich interesant\u00f3w sam przyjmowa\u0142; wszystkim, co odnosi\u0142o si\u0119 do dobra Prowincji, \u017cywo si\u0119 interesowa\u0142 daj\u0105c zawsze trafne wskaz\u00f3wki. W ostatnich dniach \u017cycia, chocia\u017c by\u0142 bardzo os\u0142abiony i puls zdradza\u0142 zbli\u017caj\u0105c\u0105 si\u0119 \u015bmier\u0107, zd\u0105\u017cy\u0142 napisa\u0107 jeszcze kilka list\u00f3w do ojc\u00f3w rozsianych po nowych plac\u00f3wkach<\/i>. Dnia 18 pa\u017adziernika 1945 roku zosta\u0142 mu udzielony wiatyk i ostatnie namaszczenie przez o. Artura Zapa\u015bnika. Po przyj\u0119ciu tych sakrament\u00f3w zmar\u0142 o godz. 21.30. Przy \u015bmierci by\u0142 obecny wspomniany ju\u017c o. Artur Zapa\u015bnik i o. Hadriana Leduchowskiego, kt\u00f3ry pe\u0142ni\u0142 funkcj\u0119 sekretarza prowincji. Mia\u0142o to miejsce w domu wypoczynkowym w Niepokalanowie Lasku. Zosta\u0142 pochowany na cmentarzu klasztornym w Niepokalanowie.<span class=\"Apple-converted-space\">\u00a0<\/span><\/p>\n<p>O. Maurycy Madzurek powinien pozosta\u0107 w pami\u0119ci, jako silny i bezkompromisowy wobec przeciwno\u015bci prowincja\u0142. Przez ca\u0142y okres wojny sta\u0142 na czele prowincji p\u00f3\u0142nocnej b\u0119d\u0105c jednocze\u015bnie wielkim autorytetem dla wsp\u00f3\u0142braci. Chory na serce do ostatniej chwili pe\u0142ni\u0142 swoj\u0105 funkcj\u0119 i za\u0142atwia\u0142 sprawy urz\u0119dowe. Niech b\u0119dzie dla wszystkich wsp\u00f3\u0142braci przyk\u0142adem wierno\u015bci swoim zobowi\u0105zaniom wobec Ko\u015bcio\u0142a i Zakonu.<\/p>\n<p>Rafa\u0142 Kwiatkowski OFMConv<\/p>\n","protected":false},"excerpt":{"rendered":"<p>Pierwszy prowincja\u0142 prowincji warszawskiej, p\u00f3\u0142nocnej b\u0105d\u017a mazowiecko-wielkopolskiej &#8211; jak j\u0105 zwyk\u0142o si\u0119 nazywa\u0107 &#8211; to cz\u0142owiek wielkiego formatu. W opinii swoich podw\u0142adnych zyska\u0142 wielki autorytet, co budzi\u0142o wobec niego du\u017cy szacunek i poszanowanie. Tym zakonnikiem wybranym podczas kapitu\u0142y prowincjalnej w sierpniu 1939 roku na stanowisko prowincja\u0142a by\u0142 o. Maurycy Madzurek.\u00a0 Urodzi\u0142 si\u0119 6 sierpnia 1884 [&hellip;]<\/p>\n","protected":false},"author":1,"featured_media":7765,"comment_status":"open","ping_status":"closed","sticky":false,"template":"","format":"standard","meta":{"_crdt_document":"","footnotes":""},"categories":[57],"tags":[],"class_list":["post-7764","post","type-post","status-publish","format-standard","has-post-thumbnail","hentry","category-z-historii"],"_links":{"self":[{"href":"https:\/\/www.franciszkanie-warszawa.pl\/index.php?rest_route=\/wp\/v2\/posts\/7764","targetHints":{"allow":["GET"]}}],"collection":[{"href":"https:\/\/www.franciszkanie-warszawa.pl\/index.php?rest_route=\/wp\/v2\/posts"}],"about":[{"href":"https:\/\/www.franciszkanie-warszawa.pl\/index.php?rest_route=\/wp\/v2\/types\/post"}],"author":[{"embeddable":true,"href":"https:\/\/www.franciszkanie-warszawa.pl\/index.php?rest_route=\/wp\/v2\/users\/1"}],"replies":[{"embeddable":true,"href":"https:\/\/www.franciszkanie-warszawa.pl\/index.php?rest_route=%2Fwp%2Fv2%2Fcomments&post=7764"}],"version-history":[{"count":0,"href":"https:\/\/www.franciszkanie-warszawa.pl\/index.php?rest_route=\/wp\/v2\/posts\/7764\/revisions"}],"wp:featuredmedia":[{"embeddable":true,"href":"https:\/\/www.franciszkanie-warszawa.pl\/index.php?rest_route=\/wp\/v2\/media\/7765"}],"wp:attachment":[{"href":"https:\/\/www.franciszkanie-warszawa.pl\/index.php?rest_route=%2Fwp%2Fv2%2Fmedia&parent=7764"}],"wp:term":[{"taxonomy":"category","embeddable":true,"href":"https:\/\/www.franciszkanie-warszawa.pl\/index.php?rest_route=%2Fwp%2Fv2%2Fcategories&post=7764"},{"taxonomy":"post_tag","embeddable":true,"href":"https:\/\/www.franciszkanie-warszawa.pl\/index.php?rest_route=%2Fwp%2Fv2%2Ftags&post=7764"}],"curies":[{"name":"wp","href":"https:\/\/api.w.org\/{rel}","templated":true}]}}