{"id":7745,"date":"2018-07-31T18:59:00","date_gmt":"2018-07-31T16:59:00","guid":{"rendered":"http:\/\/www.franciszkanie-warszawa.pl\/?p=7745"},"modified":"2018-07-31T18:59:00","modified_gmt":"2018-07-31T16:59:00","slug":"niepokalanow-ogolnopolski-dzien-modlitwy-rycerstwa-niepokalanej","status":"publish","type":"post","link":"https:\/\/www.franciszkanie-warszawa.pl\/?p=7745","title":{"rendered":"Niepokalan\u00f3w: Og\u00f3lnopolski Dzie\u0144 Modlitwy Rycerstwa Niepokalanej"},"content":{"rendered":"<p><strong>Og\u00f3lnopolski Dzie\u0144 Modlitwy Rycerstwa Niepokalanej 28 i 29 lipca zgromadzi\u0142 ponad 70 delegacji wsp\u00f3lnot Rycerstwa Niepokalanej (MI) dzia\u0142aj\u0105cych na terenie Polski oraz setki indywidualnych rycerzy Niepokalanej. Pod has\u0142em: <em>Z Niepokalan\u0105, Oblubienic\u0105 Ducha \u015awi\u0119tego, w nast\u0119pne stulecie MI<\/em> \u2013 przez ca\u0142\u0105 noc trwa\u0142a modlitwa w intencji Rycerstwa Niepokalanej oraz tych, kt\u00f3rzy \u201edaleko s\u0105 od Boga i Ko\u015bcio\u0142a o \u0142ask\u0119 nawr\u00f3cenia i u\u015bwi\u0119cenia\u201d- zgodnie z idea\u0142em \u015bw. Maksymiliana. <\/strong><\/p>\n<p>Prezes Narodowy MI o. Stanis\u0142aw M. Pi\u0119tka OFMConv wskaza\u0142, jak wa\u017cnym \u015brodkiem apostolskim w \u017cyciu rycerzy jest modlitwa. \u201eModlitwa \u2013 m\u00f3wi\u0142 Ojciec Prezes, witaj\u0105c przyby\u0142ych \u2013 to pot\u0119\u017cny \u015brodek, dzi\u0119ki kt\u00f3remu mo\u017cemy skruszy wszelkie mury, nawet te najtrwalsze\u201d. Zach\u0119ci\u0142 te\u017c, aby na wz\u00f3r \u015bw. Maksymiliana rycerze codziennie oddawaliswe \u017cycie za braci i nie\u015bli nadziej\u0119, \u017ce z pomoc\u0105 Niepokalanej wszystko jest mo\u017cliwe. \u201eOna jest przecie\u017c wszechmoc\u0105 prosz\u0105c\u0105, Ona nieustannie or\u0119duje za nami u tronu Boga Ojca\u201d \u2013 twierdzi\u0142 Prezes MI.<\/p>\n<p>Po projekcji filmu <em>Dwie korony<\/em>, uczestnicy spotkania zawierzyli siebie i ca\u0142e Rycerstwo Panu Bogu podczas Eucharystii. \u201eModlitwy, kt\u00f3re zanosimy dzisiaj i przez ca\u0142y ten zjazd, na pewno nie s\u0105 zanoszone na marne. Nie wiadomo, kiedy b\u0119d\u0105 potrzebne \u2013 mo\u017ce dzi\u015b, a mo\u017ce jutro, mo\u017ce za kilka lat, a mo\u017ce przy naszej \u015bmierci. Matka Bo\u017ca wie i zna czas. Wa\u017cne, \u017ce tu jeste\u015bmy \u2013 m\u00f3wi\u0142 podczas homiliido zebranych o. Grzegorz M. SzymanikOFMConv, gwardian Niepokalanowa i asystent narodowy MI. \u2013 Najwa\u017cniejsze jest to, \u017ce zgromadzili\u015bmy si\u0119 w jednym miejscu, aby jednym g\u0142osem wznosi\u0107 nasze b\u0142agania do Boga. Na pewno dzi\u0119ki tej modlitwie plon b\u0119dzie obfity i b\u0119dzie wzrasta\u0142\u201d.<\/p>\n<p>Apel Maryjny poprowadzi\u0142 o. Piotr M. Lenart OFMConv, wiceprezes narodowy MI, kt\u00f3ry nawi\u0105za\u0142 do postaci br. Innocentego Marii W\u00f3jcika, franciszkanina z Niepokalanowa. Br. Innocenty by\u0142 inicjatorem Og\u00f3lnopolskiego Dnia Modlitwy MI. \u201eBrat Innocenty zas\u0142uguje na to, by jego \u017cycie, a szczeg\u00f3lnie tak bardzo praktyczne wskazania (\u2026) sta\u0142y si\u0119 bardziej znane i inspirowa\u0142y kolejne pokolenia do podj\u0119cia tej drogi- m\u00f3wi\u0142 o. Piotr.- Podejmuj\u0105c t\u0119 sam\u0105 drog\u0119, kt\u00f3r\u0105 szed\u0142 BratInnocenty \u2013 drog\u0119 ca\u0142kowitego oddania si\u0119 Niepokalanej, mo\u017cemy by\u0107 pewni osi\u0105gni\u0119cia tego, na co nasz Brat Innocenty wskazywa\u0142, \u017ceby Niepokalana przez nas mi\u0142owa\u0142a Pana Jezusa i naszego Ojca w niebie\u201d. Sam br. Innocenty w 1994 r. pisa\u0142: \u201eOjcze Maksymilianie, dzi\u0119kujemy ci za wskazanie nam bezgranicznego oddania si\u0119 Niepokalanej, jako drogi do naj\u0142atwiejszej i najwznio\u015blejszej \u015bwi\u0119to\u015bci. Chcemy jako dar mi\u0142o\u015bci ofiarowa\u0107 codziennie wszystko. Od przebudzenia si\u0119, prze\u017cegnania, uca\u0142owania medalika, pacierza, wszystkie zaj\u0119cia i kontakty z bli\u017animi, a\u017c do za\u015bni\u0119cia. Chcemy by\u0107 jak rycerz na warcie czuwaj\u0105cy, aby wype\u0142ni\u0107 wol\u0119 Niepokalanej we wszystkim. Chcemy zbiera\u0107 dobre uczynki do skarbca Niepokalanej, aby Ona mog\u0142a przez nie ratowa\u0107 nie\u015bmiertelne dusze od piek\u0142a i poprowadzi\u0107 je do krainy mi\u0142o\u015bci do nieba\u201d.<\/p>\n<p>Po Apelu Maryjnym mo\u017cna by\u0142o zabra\u0107 ze sob\u0105 obrazki zawieraj\u0105ce my\u015blibr. Innocentego, skierowane do rycerzy Niepokalanej. Rycerska m\u0142odzie\u017c poprowadzi\u0142a modlitw\u0119 za Ojczyzn\u0119 z racji 100. rocznicy odzyskania niepodleg\u0142o\u015bci, po\u0142\u0105czon\u0105 z pro\u015bb\u0105 o wylanie dar\u00f3w Ducha \u015awi\u0119tego. Nast\u0119pnie przez ca\u0142\u0105 noc, z serc pe\u0142nych mi\u0142o\u015bci, p\u0142yn\u0119\u0142a modlitwa r\u00f3\u017ca\u0144cowa przygotowana i prowadzona przez r\u00f3\u017cne o\u015brodki MI. Nie zabrak\u0142o modlitwy w ciszy oraz Drogi Krzy\u017cowej, podczas kt\u00f3rej rozwa\u017cania nawi\u0105zywa\u0142y do poszczeg\u00f3lnych owoc\u00f3w Ducha \u015awi\u0119tego.<\/p>\n<p>O p\u00f3\u0142nocy Mszy \u015bwi\u0119tej przewodniczy\u0142 o. Stanis\u0142aw M. Pi\u0119tka. Podczas homilii zwr\u00f3ci\u0142 on uwag\u0119, \u017ce \u015bw. Maksymilian za\u0142o\u017cy\u0142 w\u0142asn\u0105 armi\u0119 \u2013 Rycerstwo Niepokalanej, kt\u00f3re wyposa\u017cy\u0142 nie w militarn\u0105 bro\u0144, ale w or\u0119\u017c modlitwy i cierpienia. \u201eTa ca\u0142a armia nie by\u0142a jednak jego, ale Niepokalanej\u201d -wyja\u015bnia\u0142 Prezes Narodowy MI. Zwr\u00f3ci\u0142 on te\u017c uwag\u0119 na pot\u0119g\u0119 modlitwy oraz owoce trwania w r\u0119kach Niepokalanej. Niepokalana \u2013 jak zauwa\u017cy\u0142 o. Stanis\u0142aw \u2013 chce pos\u0142u\u017cy\u0107 si\u0119 nami w ma\u0142ych i wielkich rzeczach, gdy\u017c \u201ekto nawraca siebie samego, nawraca ca\u0142y \u015bwiat\u201d.<\/p>\n<p>W niedzielne przedpo\u0142udnie rycerze Niepokalanej mogli wys\u0142ucha\u0107 konferencji o. Rafa\u0142a Antoszczuka OFMConv z Krakowa, kt\u00f3ry pog\u0142\u0119bi\u0142 temat niepodleg\u0142o\u015bci w pismach \u015bw. Maksymiliana Kolbego. \u201eSprawa Polska zawsze by\u0142a bliska \u015awi\u0119temu, cho\u0107 bezpo\u015brednio o tym prawie nie m\u00f3wi\u0142\u201d-zaznaczy\u0142o. Rafa\u0142. Prelegent zwr\u00f3ci\u0142 jednak uwag\u0119 na fakt, \u017ce czasopisma wychodz\u0105ce z Niepokalanowa po\u015bwi\u0119ca\u0142y wiele miejsca sprawom spo\u0142ecznym i formacyjnym, kt\u00f3re mia\u0142y pom\u00f3c w podniesieniu poziomu \u017cycia w Polsce \u2013 i tonie tylko \u017cycia duchowego, ale tak\u017ce materialnego.\u201dJe\u015bli si\u0119 u\u015bwi\u0119cimy i innym w tym dopomo\u017cemy, wtedy w naszej Ojczy\u017anie b\u0119dzie lepiej\u201d \u2013 podkre\u015bli\u0142 o. Rafa\u0142.<\/p>\n<p>Franciszka\u0144ski biskup ze Lwowa o. bp Edward Kawa przewodniczy\u0142 centralnym uroczysto\u015bciom podczas Og\u00f3lnopolskiego Dnia Modlitwy MI. W homilii zwr\u00f3ci\u0142 uwag\u0119 na postaw\u0119 Jezusa, kt\u00f3ry \u201enie jest oboj\u0119tny na potrzeby cz\u0142owieka. On s\u0142ucha tych, kt\u00f3rzy do Niego przychodz\u0105. Jezus nie jest oboj\u0119tny na nasze modlitwy i zawsze na nie odpowiada\u201d. W dalszej cz\u0119\u015bci kazania bp Edward nawi\u0105za\u0142 do liturgii s\u0142owa i zadaj\u0105c zebranym pytanie o g\u0142\u00f3d, kt\u00f3ry odczuwa wsp\u00f3\u0142czesny cz\u0142owiek, odpowiedzia\u0142:\u201dNie jest to g\u0142\u00f3d materialny.Dzi\u015b odczuwamy g\u0142\u00f3d duchowy\u201d.Zach\u0119ci\u0142 do modlitwy szczeg\u00f3lnie skutecznej, kt\u00f3r\u0105 jest R\u00f3\u017caniec. Jako przyk\u0142ad skuteczno\u015bci R\u00f3\u017ca\u0144ca kaznodzieja przytoczy\u0142 trzy przypadki, w kt\u00f3rych odmawiana przez niego modlitwa r\u00f3\u017ca\u0144cowa, ocali\u0142a \u017cycie \u017co\u0142nierzom i jemu samemu, kt\u00f3ry \u2013 jak m\u00f3wi\u0142, jedyn\u0105 bro\u0144, kt\u00f3r\u0105 wtedy mia\u0142 przy sobie, to by\u0142 r\u00f3\u017caniec. Od tamtych wydarze\u0144 ka\u017cdy \u017co\u0142nierz z tego oddzia\u0142u mia\u0142 przy sobie r\u00f3\u017caniec i modli\u0142 si\u0119 na nim, a dow\u00f3dca przyzna\u0142, \u017ce naprawd\u0119 \u201eta wasza modlitwa r\u00f3\u017ca\u0144cowa ma wielk\u0105 moc\u201d.<\/p>\n<p>\u201eKa\u017cdy z nas musi do\u015bwiadczy\u0107 w swoim \u017cyciu obecno\u015bci Boga \u2013 m\u00f3wi\u0142 Biskup ze Lwowa. \u2013 Powinni\u015bmy modli\u0107 si\u0119 za nasz\u0105 Ojczyzn\u0119 i dawa\u0107 \u015bwiadectwo chrze\u015bcija\u0144skiego \u017cycia. Mamy narz\u0119dzia do ewangelizacji, gdy\u017c ka\u017cdy z nas jest takim narz\u0119dziem w r\u0119kach Boga. B\u00f3g chce ewangelizowa\u0107 przez nas. Mo\u017ce nie mamy wielkich mo\u017cliwo\u015bci spo\u0142ecznych, finansowych a czasem nawet zdrowie nie jest najlepsze. Ale najwa\u017cniejsze jest pragnienie s\u0142u\u017cby dla Boga, jak Maryja. Jeste\u015bmy Jej oddani i w Jej r\u0119kach chcemy by\u0107 dla innych \u015bwiadkami wiary\u201d.<\/p>\n<p>Og\u00f3lnopolski Dzie\u0144 Modlitwy Rycerstwa Niepokalanej organizowany jest od 1979 r. w Niepokalanowie w ostatni\u0105 niedziel\u0119 lipca z inicjatywy Brata Innocentego Marii W\u00f3jcika (1918-1994). Zjazd ten odbywa si\u0119 dla upami\u0119tnienia daty zg\u0142oszenia si\u0119 na \u015bmier\u0107 g\u0142odow\u0105 przez \u015bw. Maksymiliana Marii Kolbego w obozie koncentracyjnym w Auschwitz w ostatnich dniach lipca 1941 r. w zamian za jednego z wi\u0119\u017ani\u00f3w Franciszka Gajowniczka. Na pami\u0105tk\u0119 tej ofiary rycerze Niepokalanej z ca\u0142ej Polski co roku zbieraj\u0105 si\u0119 w Niepokalanowie \u2013 miejscu u\u015bwi\u0119conym prac\u0105 i modlitw\u0105 \u015bw. Maksymiliana \u2013 aby wsp\u00f3lnie czuwa\u0107 na modlitwie.<\/p>\n<p><em>Teresa M. Micha\u0142ek,\u00a0<\/em><em>rzecznik prasowy Stowarzyszenia \u201eRycerstwo Niepokalanej\u201d w Polsce<\/em><\/p>\n<p><em>www.mi-polska.pl<\/em><\/p>\n","protected":false},"excerpt":{"rendered":"<p>Og\u00f3lnopolski Dzie\u0144 Modlitwy Rycerstwa Niepokalanej 28 i 29 lipca zgromadzi\u0142 ponad 70 delegacji wsp\u00f3lnot Rycerstwa Niepokalanej (MI) dzia\u0142aj\u0105cych na terenie Polski oraz setki indywidualnych rycerzy Niepokalanej. Pod has\u0142em: Z Niepokalan\u0105, Oblubienic\u0105 Ducha \u015awi\u0119tego, w nast\u0119pne stulecie MI \u2013 przez ca\u0142\u0105 noc trwa\u0142a modlitwa w intencji Rycerstwa Niepokalanej oraz tych, kt\u00f3rzy \u201edaleko s\u0105 od Boga i [&hellip;]<\/p>\n","protected":false},"author":1,"featured_media":7746,"comment_status":"open","ping_status":"closed","sticky":false,"template":"","format":"standard","meta":{"_crdt_document":"","footnotes":""},"categories":[56],"tags":[],"class_list":["post-7745","post","type-post","status-publish","format-standard","has-post-thumbnail","hentry","category-z-zycia-prowincji"],"_links":{"self":[{"href":"https:\/\/www.franciszkanie-warszawa.pl\/index.php?rest_route=\/wp\/v2\/posts\/7745","targetHints":{"allow":["GET"]}}],"collection":[{"href":"https:\/\/www.franciszkanie-warszawa.pl\/index.php?rest_route=\/wp\/v2\/posts"}],"about":[{"href":"https:\/\/www.franciszkanie-warszawa.pl\/index.php?rest_route=\/wp\/v2\/types\/post"}],"author":[{"embeddable":true,"href":"https:\/\/www.franciszkanie-warszawa.pl\/index.php?rest_route=\/wp\/v2\/users\/1"}],"replies":[{"embeddable":true,"href":"https:\/\/www.franciszkanie-warszawa.pl\/index.php?rest_route=%2Fwp%2Fv2%2Fcomments&post=7745"}],"version-history":[{"count":0,"href":"https:\/\/www.franciszkanie-warszawa.pl\/index.php?rest_route=\/wp\/v2\/posts\/7745\/revisions"}],"wp:featuredmedia":[{"embeddable":true,"href":"https:\/\/www.franciszkanie-warszawa.pl\/index.php?rest_route=\/wp\/v2\/media\/7746"}],"wp:attachment":[{"href":"https:\/\/www.franciszkanie-warszawa.pl\/index.php?rest_route=%2Fwp%2Fv2%2Fmedia&parent=7745"}],"wp:term":[{"taxonomy":"category","embeddable":true,"href":"https:\/\/www.franciszkanie-warszawa.pl\/index.php?rest_route=%2Fwp%2Fv2%2Fcategories&post=7745"},{"taxonomy":"post_tag","embeddable":true,"href":"https:\/\/www.franciszkanie-warszawa.pl\/index.php?rest_route=%2Fwp%2Fv2%2Ftags&post=7745"}],"curies":[{"name":"wp","href":"https:\/\/api.w.org\/{rel}","templated":true}]}}