{"id":5892,"date":"2016-06-23T16:55:27","date_gmt":"2016-06-23T14:55:27","guid":{"rendered":"http:\/\/www.franciszkanie-warszawa.pl\/?p=5892"},"modified":"2016-07-13T15:44:04","modified_gmt":"2016-07-13T13:44:04","slug":"zmarl-o-zygmunt-blocisz-1955-2016","status":"publish","type":"post","link":"https:\/\/www.franciszkanie-warszawa.pl\/?p=5892","title":{"rendered":"O. Zygmunt B\u0142ocisz (1955-2016)"},"content":{"rendered":"<p>\u015aP. Ojciec Zygmunt B\u0142ocisz, profes wieczysty i kap\u0142an Prowincji Matki Bo\u017cej Niepokalanej w Polsce Zakonu Braci Mniejszych Konwentualnych, zmar\u0142 dnia 22 czerwca 2016 r. w \u0141odzi, w wieku 61 lat, prze\u017cywszy 40 lat w Zakonie i 34 lata w kap\u0142a\u0144stwie.<\/p>\n<p><!--more--><\/p>\n<p>Urodzi\u0142 si\u0119 24 marca 1955 r. w Starachowicach, w wojew\u00f3dztwie kieleckim, w diecezji sandomierskiej,\u00a0 jako syn J\u00f3zefa i\u00a0Stanis\u0142awy z domu Orczyk. Na chrzcie \u015bwi\u0119tym, udzielonym w parafii pw. \u015aw. Jana Chrzciciela w miejscowo\u015bci Paw\u0142\u00f3w, otrzyma\u0142 imiona Klemens Gabriel. Mia\u0142 jednego brata. W roku 1960 jego rodzice przeprowadzili si\u0119 do miejscowo\u015bci Kotowice w wojew\u00f3dztwie \u0142\u00f3dzkim. Po uko\u0144czeniu szko\u0142y podstawowej pragn\u0105\u0142 kontynuowa\u0107 nauk\u0119 w Ni\u017cszym Seminarium Duchownym w Niepokalanowie, ale z powodu braku miejsc nie zosta\u0142 do niego przyj\u0119ty, wobec tego zg\u0142osi\u0142 si\u0119 do Ni\u017cszego Seminarium Duchownego OO. Oblat\u00f3w w Markowicach. Po trzech latach zrezygnowa\u0142 z nauki w tej szkole i\u00a0ponownie poprosi\u0142 o przyj\u0119cie do Ni\u017cszego Seminarium w Niepokalanowie, gdzie tym razem uzyska\u0142 odpowied\u017a pozytywn\u0105.<\/p>\n<p>Dnia 30 sierpnia 1975 r. rozpocz\u0105\u0142 nowicjat w Smardzewicach, \u00f3wczesny mistrz nowicjatu &#8211; o. Ireneusz \u017bo\u0142nierczyk &#8211; napisa\u0142 o nim m.in.: \u201eposiada usposobienie bardzo spokojne i\u00a0zr\u00f3wnowa\u017cone, wygl\u0105da na bardzo powa\u017cnego, traktuj\u0105cego swoje \u017cycie i powo\u0142anie spokojnie, ale na serio i uczciwie. Punktualny, bardzo delikatny (\u2026) na nic si\u0119 nie skar\u017cy i z wszystkiego jest zadowolony. Nigdy nie trzeba mu przypomina\u0107 obowi\u0105zk\u00f3w, polece\u0144. (\u2026) do Zakonu przywi\u0105zany i cieszy si\u0119 wszystkim, co dobre\u201d. Pierwsz\u0105\u00a0 profesj\u0119 zakonn\u0105 z\u0142o\u017cy\u0142 dnia 29 sierpnia 1976 r.<\/p>\n<p>Przez kolejne dwa lata studiowa\u0142 filozofi\u0119 w Wy\u017cszym Seminarium Duchownym OO. Franciszkan\u00f3w w Krakowie, a nast\u0119pnie przez cztery lata teologi\u0119 w \u0141odzi-\u0141agiewnikach, gdzie r\u00f3wnie\u017c z\u0142o\u017cy\u0142 \u015bluby wieczyste 8 grudnia 1980 r. Prosz\u0105c O. Prowincja\u0142a o dopuszczenie do przyj\u0119cia \u015bwi\u0119ce\u0144 kap\u0142a\u0144skich napisa\u0142 m.in.: \u201eCa\u0142ym sercem pragn\u0119 s\u0142u\u017cy\u0107 Bogu i ludziom jako kap\u0142an &#8211; franciszkanin w Zakonie Biedaczyny z Asy\u017cu. Ca\u0142ym sercem chc\u0119 nie\u015b\u0107 ubogim Ewangeli\u0119 i m\u00f3wi\u0107 im o Chrystusie\u201d. Po uzyskaniu pozytywnej odpowiedzi \u015bwi\u0119cenia kap\u0142a\u0144skie przyj\u0105\u0142 20 czerwca 1982 r. w \u0141odzi-\u0141agiewnikach z\u00a0 r\u0105k ks. bp J\u00f3zefa Rozwadowskiego.<\/p>\n<p>Nast\u0119pnie pracowa\u0142 jako duszpasterz i katecheta w nast\u0119puj\u0105cych plac\u00f3wkach: w Gdyni (1982-1985), w \u0141odzi na D\u0105browie (1985-1988), w \u0141odzi-\u0141agiewnikach (1988-1989), w Skar\u017cysku-Kamiennej (30.08.1989-31.12.1989), w Niepokalanowie (01.01-31.08.1990), ponownie w\u00a0\u0141odzi na D\u0105browie (1990-1991). W sierpniu 1991 r. zosta\u0142 przeniesiony do Warszawy, gdzie kontynuowa\u0142 studia teologiczne na Akademii Teologii Katolickiej, kt\u00f3re uwie\u0144czy\u0142 18 czerwca 1993 r. obron\u0105 pracy licencjackiej z teologii dogmatycznej. Dnia 10 listopada 1993 r. zosta\u0142 przeniesiony do Niepokalanowa, w kt\u00f3rym powierzono mu, w\u015br\u00f3d licznych obowi\u0105zk\u00f3w duszpasterskich, g\u0142oszenie rekolekcji i misji ludowych. Uchwa\u0142\u0105 Kapitu\u0142y Prowincjalnej z dnia 3 czerwca 2004 r. otrzyma\u0142 urz\u0105d gwardiana w Wyszogrodzie, a nast\u0119pnie dnia 3 czerwca 2008 r. Rada Prowincjalna powierzy\u0142a mu urz\u0105d proboszcza w Niepokalanowie. Z dniem 22 sierpnia 2009 r. zosta\u0142 przeniesiony ponownie do \u0141odzi na D\u0105brow\u0119, gdzie pos\u0142ugiwa\u0142 duszpastersko do dnia swojej \u015bmierci.<\/p>\n<p>\u015ap. O. Zygmunt ju\u017c od pierwszych lat swego kap\u0142a\u0144stwa by\u0142 niezwykle cenionym kaznodziej\u0105, rekolekcjonist\u0105 i misjonarzem ludowym. G\u0142oszenie S\u0142owa Bo\u017cego uwa\u017ca\u0142, podobnie jak \u015bw. Pawe\u0142, za jeden z najwa\u017cniejszych swoich obowi\u0105zk\u00f3w duszpasterskich i dlatego wype\u0142nia\u0142 go z ogromnym oddaniem i wielkim po\u015bwi\u0119ceniem, czyni\u0105c przez to ka\u017cde prowadzone przez siebie rekolekcje i misje ludowe, niezwykle owocne dla swoich s\u0142uchaczy.<\/p>\n<p>Ufamy, \u017ce jak po\u015bwi\u0119ci\u0142 na zawsze swoje \u017cycie Panu Bogu, tak te\u017c zostanie przez Niego przyj\u0119ty do krainy \u017cycia wiecznego.<\/p>\n<p>Pogrzeb \u015bp. ojca Zygmunta odby\u0142 si\u0119 dnia 24 czerwca 2016 roku o godz. 11.00 w \u0141odzi, w ko\u015bciele \u015bw. Maksymiliana M. Kolbego. Mszy \u015bwi\u0119tej przewodniczy\u0142 J.E. ks. bp Ireneusz P\u0119kalski, Biskup pomocniczy Archidiecezji \u0141\u00f3dzkiej. Okoliczno\u015bciow\u0105 homili\u0119 podczas Mszy \u015bwi\u0119tej wyg\u0142osi\u0142 o. Edward Mastalerek z klasztoru w \u0141odzi przy Skwerze \u015bw. Maksymiliana. Kondukt \u017ca\u0142obny na cmentarz \u0142agiewnickim poprowadzi\u0142 o. Wies\u0142aw Pyzio, Prowincja\u0142.<\/p>\n<p>przygotowa\u0142 o. Dariusz Myszk<\/p>\n","protected":false},"excerpt":{"rendered":"<p>\u015aP. Ojciec Zygmunt B\u0142ocisz, profes wieczysty i kap\u0142an Prowincji Matki Bo\u017cej Niepokalanej w Polsce Zakonu Braci Mniejszych Konwentualnych, zmar\u0142 dnia 22 czerwca 2016 r. w \u0141odzi, w wieku 61 lat, prze\u017cywszy 40 lat w Zakonie i 34 lata w kap\u0142a\u0144stwie.<\/p>\n","protected":false},"author":1,"featured_media":5905,"comment_status":"open","ping_status":"closed","sticky":false,"template":"","format":"standard","meta":{"_crdt_document":"","footnotes":""},"categories":[55],"tags":[],"class_list":["post-5892","post","type-post","status-publish","format-standard","has-post-thumbnail","hentry","category-nekrologi"],"_links":{"self":[{"href":"https:\/\/www.franciszkanie-warszawa.pl\/index.php?rest_route=\/wp\/v2\/posts\/5892","targetHints":{"allow":["GET"]}}],"collection":[{"href":"https:\/\/www.franciszkanie-warszawa.pl\/index.php?rest_route=\/wp\/v2\/posts"}],"about":[{"href":"https:\/\/www.franciszkanie-warszawa.pl\/index.php?rest_route=\/wp\/v2\/types\/post"}],"author":[{"embeddable":true,"href":"https:\/\/www.franciszkanie-warszawa.pl\/index.php?rest_route=\/wp\/v2\/users\/1"}],"replies":[{"embeddable":true,"href":"https:\/\/www.franciszkanie-warszawa.pl\/index.php?rest_route=%2Fwp%2Fv2%2Fcomments&post=5892"}],"version-history":[{"count":0,"href":"https:\/\/www.franciszkanie-warszawa.pl\/index.php?rest_route=\/wp\/v2\/posts\/5892\/revisions"}],"wp:featuredmedia":[{"embeddable":true,"href":"https:\/\/www.franciszkanie-warszawa.pl\/index.php?rest_route=\/wp\/v2\/media\/5905"}],"wp:attachment":[{"href":"https:\/\/www.franciszkanie-warszawa.pl\/index.php?rest_route=%2Fwp%2Fv2%2Fmedia&parent=5892"}],"wp:term":[{"taxonomy":"category","embeddable":true,"href":"https:\/\/www.franciszkanie-warszawa.pl\/index.php?rest_route=%2Fwp%2Fv2%2Fcategories&post=5892"},{"taxonomy":"post_tag","embeddable":true,"href":"https:\/\/www.franciszkanie-warszawa.pl\/index.php?rest_route=%2Fwp%2Fv2%2Ftags&post=5892"}],"curies":[{"name":"wp","href":"https:\/\/api.w.org\/{rel}","templated":true}]}}