{"id":11206,"date":"2026-01-10T16:29:31","date_gmt":"2026-01-10T15:29:31","guid":{"rendered":"https:\/\/www.franciszkanie-warszawa.pl\/?p=11206"},"modified":"2026-01-10T16:29:31","modified_gmt":"2026-01-10T15:29:31","slug":"rok-laski-na-sladach-sw-franciszka-papiez-leon-xiv-udziela-odpustu-zupelnego-przez-caly-rok-2026","status":"publish","type":"post","link":"https:\/\/www.franciszkanie-warszawa.pl\/?p=11206","title":{"rendered":"Rok \u0142aski na \u015bladach \u015bw. Franciszka: papie\u017c Leon XIV udziela odpustu zupe\u0142nego przez ca\u0142y rok 2026"},"content":{"rendered":"<p><strong>Dekretem z dnia 10 stycznia 2026 r., wydanym przez Penitencjari\u0119 Apostolsk\u0105 z woli Jego \u015awi\u0105tobliwo\u015bci papie\u017ca Leona XIV, Ko\u015bci\u00f3\u0142 og\u0142osi\u0142 specjalny rok \u015bw. Franciszka, trwaj\u0105cy od 10 stycznia 2026 r. do 10 stycznia 2027 r. Przez ca\u0142y ten okres istnieje mo\u017cliwo\u015b\u0107 uzyskania odpustu zupe\u0142nego z okazji osiemsetnej rocznicy \u015bmierci \u015awi\u0119tego z Asy\u017cu.<\/strong><\/p>\n<p>Papie\u017c ukazuje ten czas jako dar nie tylko dla rodziny franciszka\u0144skiej, lecz dla ca\u0142ego Ko\u015bcio\u0142a, aby jubileusz osiemsetlecia sta\u0142 si\u0119 okazj\u0105 do prawdziwego odnowienia duchowego. W dekrecie przypomina si\u0119, \u017ce \u015bw. Franciszek pozostaje niezwykle aktualny r\u00f3wnie\u017c w naszych czasach i zach\u0119ca si\u0119 wszystkich do \u201estawania si\u0119 \u015bwi\u0119tymi we wsp\u00f3\u0142czesno\u015bci na wz\u00f3r Serafickiego Patriarchy\u201d, przekszta\u0142caj\u0105c nadziej\u0119 w konkretn\u0105 mi\u0142o\u015b\u0107 i zaanga\u017cowanie na rzecz pokoju.<br \/>\nOdpust zupe\u0142ny jest udzielany pod zwyk\u0142ymi warunkami \u2013 spowied\u017a sakramentalna, komunia eucharystyczna, modlitwa wed\u0142ug intencji Ojca \u015awi\u0119tego, wykluczenie jakiegokolwiek przywi\u0105zania do grzechu \u2013 i mo\u017ce by\u0107 te\u017c ofiarowany za dusze w czy\u015b\u0107cu. Mog\u0105 go otrzyma\u0107 cz\u0142onkowie rodzin franciszka\u0144skich i wsp\u00f3lnot ko\u015bcielnych inspirowanych charyzmatem \u015bw. Franciszka, a tak\u017ce wszyscy wierni, kt\u00f3rzy w ci\u0105gu roku nawiedz\u0105 w ramach pielgrzymki ko\u015bci\u00f3\u0142 franciszka\u0144ski lub miejsce kultu po\u015bwi\u0119cone \u015awi\u0119temu, uczestnicz\u0105c w obrz\u0119dach jubileuszowych lub zatrzymuj\u0105c si\u0119 na modlitw\u0119 i medytacj\u0119, ko\u0144cz\u0105c modlitw\u0105 Ojcze nasz, Wyznaniem wiary i wezwaniami do Naj\u015bwi\u0119tszej Maryi Panny, \u015bw. Franciszka, \u015bw. Klary i \u015bwi\u0119tych z rodziny franciszka\u0144skiej.<br \/>\nSzczeg\u00f3ln\u0105 uwag\u0119 po\u015bwi\u0119ca si\u0119 osobom starszym, chorym i tym, kt\u00f3rzy nie maj\u0105 mo\u017cliwo\u015bci opuszczenia swoich dom\u00f3w: tak\u017ce oni mog\u0105 uzyska\u0107 odpust zupe\u0142ny, \u0142\u0105cz\u0105c si\u0119 duchowo z uroczysto\u015bciami jubileuszowymi i ofiarowuj\u0105c Bogu swoje cierpienia i modlitwy.<br \/>\nPrzy tej okazji Penitencjaria Apostolska zach\u0119ca kap\u0142an\u00f3w do ofiarnego sprawowania sakramentu pojednania, aby ten czas by\u0142 naprawd\u0119 czasem mi\u0142osierdzia.<br \/>\nRok \u015bw. Franciszka jawi si\u0119 zatem jako czas upragniony, jako \u0142aska ofiarowana wszystkim, aby w sercach mog\u0142y odrodzi\u0107 si\u0119 \u2013 jak oczekuje papie\u017c \u2013 \u201euczucia chrze\u015bcija\u0144skiej mi\u0142o\u015bci bli\u017aniego oraz autentyczne pragnienie zgody i pokoju mi\u0119dzy narodami\u201d.<\/p>\n<p>Dekret w j\u0119zyku w\u0142oskim mo\u017cna pobra\u0107 pod poni\u017cszym linkiem:<br \/>\n<a href=\"https:\/\/www.ofmconv.net\/img\/galerie\/2026\/01-10-uc-decreto-papa\/ITA-Decreto-Transitus.pdf\"><strong>[DEKRET &gt;&gt;&gt;]<\/strong><\/a><\/p>\n<p>Generalne biuro ds. komunikacji OFMConv<\/p>\n","protected":false},"excerpt":{"rendered":"<p>Dekretem z dnia 10 stycznia 2026 r., wydanym przez Penitencjari\u0119 Apostolsk\u0105 z woli Jego \u015awi\u0105tobliwo\u015bci papie\u017ca Leona XIV, Ko\u015bci\u00f3\u0142 og\u0142osi\u0142 specjalny rok \u015bw. Franciszka, trwaj\u0105cy od 10 stycznia 2026 r. do 10 stycznia 2027 r. Przez ca\u0142y ten okres istnieje mo\u017cliwo\u015b\u0107 uzyskania odpustu zupe\u0142nego z okazji osiemsetnej rocznicy \u015bmierci \u015awi\u0119tego z Asy\u017cu. Papie\u017c ukazuje ten [&hellip;]<\/p>\n","protected":false},"author":1,"featured_media":11208,"comment_status":"open","ping_status":"open","sticky":false,"template":"","format":"standard","meta":{"_crdt_document":"","footnotes":""},"categories":[56],"tags":[108,109,110,112,111],"class_list":["post-11206","post","type-post","status-publish","format-standard","has-post-thumbnail","hentry","category-z-zycia-prowincji","tag-108","tag-franciszek","tag-jubileusz","tag-jubileusz-800-lecia","tag-odpust"],"_links":{"self":[{"href":"https:\/\/www.franciszkanie-warszawa.pl\/index.php?rest_route=\/wp\/v2\/posts\/11206","targetHints":{"allow":["GET"]}}],"collection":[{"href":"https:\/\/www.franciszkanie-warszawa.pl\/index.php?rest_route=\/wp\/v2\/posts"}],"about":[{"href":"https:\/\/www.franciszkanie-warszawa.pl\/index.php?rest_route=\/wp\/v2\/types\/post"}],"author":[{"embeddable":true,"href":"https:\/\/www.franciszkanie-warszawa.pl\/index.php?rest_route=\/wp\/v2\/users\/1"}],"replies":[{"embeddable":true,"href":"https:\/\/www.franciszkanie-warszawa.pl\/index.php?rest_route=%2Fwp%2Fv2%2Fcomments&post=11206"}],"version-history":[{"count":2,"href":"https:\/\/www.franciszkanie-warszawa.pl\/index.php?rest_route=\/wp\/v2\/posts\/11206\/revisions"}],"predecessor-version":[{"id":11210,"href":"https:\/\/www.franciszkanie-warszawa.pl\/index.php?rest_route=\/wp\/v2\/posts\/11206\/revisions\/11210"}],"wp:featuredmedia":[{"embeddable":true,"href":"https:\/\/www.franciszkanie-warszawa.pl\/index.php?rest_route=\/wp\/v2\/media\/11208"}],"wp:attachment":[{"href":"https:\/\/www.franciszkanie-warszawa.pl\/index.php?rest_route=%2Fwp%2Fv2%2Fmedia&parent=11206"}],"wp:term":[{"taxonomy":"category","embeddable":true,"href":"https:\/\/www.franciszkanie-warszawa.pl\/index.php?rest_route=%2Fwp%2Fv2%2Fcategories&post=11206"},{"taxonomy":"post_tag","embeddable":true,"href":"https:\/\/www.franciszkanie-warszawa.pl\/index.php?rest_route=%2Fwp%2Fv2%2Ftags&post=11206"}],"curies":[{"name":"wp","href":"https:\/\/api.w.org\/{rel}","templated":true}]}}