{"id":11163,"date":"2026-01-10T15:53:17","date_gmt":"2026-01-10T14:53:17","guid":{"rendered":"https:\/\/www.franciszkanie-warszawa.pl\/?p=11163"},"modified":"2026-01-10T15:55:43","modified_gmt":"2026-01-10T14:55:43","slug":"jubileusz-piesni-slonecznej-w-burkina-faso-pokoj-braterstwo-i-troska-o-stworzenie","status":"publish","type":"post","link":"https:\/\/www.franciszkanie-warszawa.pl\/?p=11163","title":{"rendered":"Jubileusz Pie\u015bni s\u0142onecznej w Burkina Faso: pok\u00f3j, braterstwo i troska o stworzenie"},"content":{"rendered":"<section class=\"av_textblock_section \"  itemscope=\"itemscope\" itemtype=\"https:\/\/schema.org\/BlogPosting\" itemprop=\"blogPost\" ><div class='avia_textblock  '   itemprop=\"text\" ><p><strong>W miar\u0119 zbli\u017cania si\u0119 do ko\u0144ca jubileuszowego roku po\u015bwi\u0119conego osiemsetnej rocznicy <em>Pie\u015bni s\u0142onecznej<\/em> \u015bw. Franciszka rodzina franciszka\u0144ska w Burkina Faso z rado\u015bci\u0105 wspomina bogaty w inicjatywy duchowe i ekologiczne okres, kt\u00f3ry w konkretny spos\u00f3b urzeczywistni\u0142 ducha Biedaczyny z Asy\u017cu.<\/strong><\/p>\n<p>Pierwszym etapem by\u0142o zalesianie podejmowane przez ca\u0142y jubileuszowy rok 2025 z udzia\u0142em w\u0142adz religijnych i cywilnych w r\u00f3\u017cnych regionach kraju: 19 lipca w Bobo-Dioulasso, 26 lipca w Korsimoro, 2 sierpnia w Koup\u00e9la i Thyou, 23 sierpnia w Ouagadougou i 30 sierpnia w Tenkodogo. Trasa przebiega\u0142a przez Burkina Faso a\u017c do Yagma. Ka\u017cde posadzone drzewko by\u0142o postrzegane jako uciele\u015bnienie modlitwy, konkretny gest ekologicznego nawr\u00f3cenia i akt nadziei wyra\u017caj\u0105cej trosk\u0119 o nasz wsp\u00f3lny dom, odnawiaj\u0105c franciszka\u0144skie zobowi\u0105zanie do \u017cycia w pokoju, braterstwie i odpowiedzialno\u015bci wobec natury.<br \/>\nW ramach kontynuacji tej jubileuszowej dynamiki w sobot\u0119 18 pa\u017adziernika 2025 r. na miejskim stadionie w Ouagadougou odby\u0142a si\u0119 wielka noc modlitw o jedno\u015b\u0107 i pok\u00f3j. Czuwanie, naznaczone autentycznym duchem powszechnego braterstwa, zgromadzi\u0142o ponad 6 tys. wiernych r\u00f3\u017cnych wyzna\u0144 z r\u00f3\u017cnych region\u00f3w kraju. Wiecz\u00f3r rozpocz\u0105\u0142 si\u0119 uroczyst\u0105 modlitw\u0105 o pok\u00f3j i pojednanie narodowe, po czym przem\u00f3wienia wyg\u0142osili przedstawiciele tradycyjnej religii, Islamskiej Ligi Pokoju, kard. Philippe OU\u00c9DRAOGO oraz przewodnicz\u0105cy komitetu organizacyjnego fr. Joseph KADSONDO OFMConv. Wszyscy podzielali g\u0142\u0119bokie pragnienie, aby Burkina Faso odrodzi\u0142a si\u0119 w pokoju, braterstwie i jedno\u015bci.<br \/>\nMi\u0119dzynarodowy wk\u0142ad braterski wnios\u0142o Wybrze\u017ce Ko\u015bci S\u0142oniowej poprzez obecno\u015b\u0107 grupy \u201eSacr\u00e9 Coeur de J\u00e9sus\u201d i artysty Guy Christ ISRA\u00cbL. Ch\u00f3ry franciszka\u0144skie oraz arty\u015bci chrze\u015bcija\u0144scy i muzu\u0142ma\u0144scy, w tym s. Anne Marie KABOR\u00c9, ks. Jean Paul BARRO, dr ABDALLAH, Alexandre KAFANDO, Z\u00e9tie DANIEL oraz ch\u00f3ry \u201eSaint Camille\u201d, \u201eLa Rotonde\u201d, \u201eSaint Fran\u00e7ois d\u2019Assise\u201d i \u201eSinfonia Francescana\u201d, urozmaicili wiecz\u00f3r uwielbieniem, muzyk\u0105 i modlitw\u0105, tworz\u0105c wyczuwalne poczucie wsp\u00f3lnoty i duchowej jedno\u015bci.<br \/>\nTa wyj\u0105tkowa noc by\u0142a \u017cywym \u015bwiadectwem dialogu mi\u0119dzyreligijnego i powszechnego braterstwa, gromadz\u0105c katolik\u00f3w, muzu\u0142man\u00f3w, protestant\u00f3w i przedstawicieli tradycyjnej religii afryka\u0144skiej, co stanowi\u0142o konkretny symbol zjednoczonej w swojej bogatej r\u00f3\u017cnorodno\u015bci Burkina Faso.<br \/>\nGdy droga jubileuszowego roku <em>Pie\u015bni s\u0142onecznej<\/em> zbli\u017ca si\u0119 do ko\u0144ca, zakorzenione w charyzmacie \u015bw. Franciszka z Asy\u017cu obchody wynios\u0142y na szczyt przes\u0142anie ewangeliczne: \u201eSia\u0107 mi\u0142o\u015b\u0107 tam, gdzie panuje nienawi\u015b\u0107; jedno\u015b\u0107 tam, gdzie panuje zw\u0105tpienie\u201d. W tym duchu rodzina franciszka\u0144ska w Burkina Faso powierza Panu pragnienie dalszego siania pokoju w sercach, rozkwitu braterstwa we wsp\u00f3lnotach i piel\u0119gnowania nadziei w narodzie.<\/p>\n<p>Delegatura prowincjalna w Burkina Faso<\/p>\n<p>tekst i zdj\u0119cia: ofmconv.net<\/p>\n<\/div><\/section>\n<div id='av-masonry-1' class='av-masonry  noHover av-flex-size av-large-gap av-hover-overlay-active av-masonry-animation-active av-masonry-col-flexible av-caption-always av-caption-style- av-masonry-gallery     '  ><div class='av-masonry-container isotope av-js-disabled ' ><div class='av-masonry-entry isotope-item av-masonry-item-no-image '><\/div><a href=\"https:\/\/www.franciszkanie-warszawa.pl\/wp-content\/uploads\/2026\/01\/IMG-20250823-WA0010-1030x579.jpg\"  aria-label=\"image IMG-20250823-WA0010\"  id='av-masonry-1-item-11166' data-av-masonry-item='11166' class='av-masonry-entry isotope-item post-11166 attachment type-attachment status-inherit hentry  av-masonry-item-with-image' title=\"IMG-20250823-WA0010\" alt=\"\"   itemprop=\"thumbnailUrl\" ><div class='av-inner-masonry-sizer'><\/div><figure class='av-inner-masonry main_color'><div class=\"av-masonry-outerimage-container\"><div class=\"av-masonry-image-container\" ><img decoding=\"async\" width=\"705\" height=\"397\" class=\"wp-image-11166 avia-img-lazy-loading-not-11166\"  src=\"https:\/\/www.franciszkanie-warszawa.pl\/wp-content\/uploads\/2026\/01\/IMG-20250823-WA0010-705x397.jpg\" title=\"IMG-20250823-WA0010\" alt=\"\" srcset=\"https:\/\/www.franciszkanie-warszawa.pl\/wp-content\/uploads\/2026\/01\/IMG-20250823-WA0010-705x397.jpg 705w, https:\/\/www.franciszkanie-warszawa.pl\/wp-content\/uploads\/2026\/01\/IMG-20250823-WA0010-300x169.jpg 300w, https:\/\/www.franciszkanie-warszawa.pl\/wp-content\/uploads\/2026\/01\/IMG-20250823-WA0010-1030x579.jpg 1030w, https:\/\/www.franciszkanie-warszawa.pl\/wp-content\/uploads\/2026\/01\/IMG-20250823-WA0010-768x432.jpg 768w, https:\/\/www.franciszkanie-warszawa.pl\/wp-content\/uploads\/2026\/01\/IMG-20250823-WA0010.jpg 1200w\" sizes=\"(max-width: 705px) 100vw, 705px\" \/><\/div><\/div><\/figure><\/a><!--end av-masonry entry--><a href=\"https:\/\/www.franciszkanie-warszawa.pl\/wp-content\/uploads\/2026\/01\/IMG-20250823-WA0013-1030x579.jpg\"  aria-label=\"image IMG-20250823-WA0013\"  id='av-masonry-1-item-11167' data-av-masonry-item='11167' class='av-masonry-entry isotope-item post-11167 attachment type-attachment status-inherit hentry  av-masonry-item-with-image' title=\"IMG-20250823-WA0013\" alt=\"\"   itemprop=\"thumbnailUrl\" ><div class='av-inner-masonry-sizer'><\/div><figure class='av-inner-masonry main_color'><div class=\"av-masonry-outerimage-container\"><div class=\"av-masonry-image-container\" ><img decoding=\"async\" width=\"705\" height=\"397\" class=\"wp-image-11167 avia-img-lazy-loading-not-11167\"  src=\"https:\/\/www.franciszkanie-warszawa.pl\/wp-content\/uploads\/2026\/01\/IMG-20250823-WA0013-705x397.jpg\" title=\"IMG-20250823-WA0013\" alt=\"\" srcset=\"https:\/\/www.franciszkanie-warszawa.pl\/wp-content\/uploads\/2026\/01\/IMG-20250823-WA0013-705x397.jpg 705w, https:\/\/www.franciszkanie-warszawa.pl\/wp-content\/uploads\/2026\/01\/IMG-20250823-WA0013-300x169.jpg 300w, https:\/\/www.franciszkanie-warszawa.pl\/wp-content\/uploads\/2026\/01\/IMG-20250823-WA0013-1030x579.jpg 1030w, https:\/\/www.franciszkanie-warszawa.pl\/wp-content\/uploads\/2026\/01\/IMG-20250823-WA0013-768x432.jpg 768w, https:\/\/www.franciszkanie-warszawa.pl\/wp-content\/uploads\/2026\/01\/IMG-20250823-WA0013.jpg 1200w\" sizes=\"(max-width: 705px) 100vw, 705px\" \/><\/div><\/div><\/figure><\/a><!--end av-masonry entry--><a href=\"https:\/\/www.franciszkanie-warszawa.pl\/wp-content\/uploads\/2026\/01\/IMG-20250823-WA0046-1030x773.jpg\"  aria-label=\"image IMG-20250823-WA0046\"  id='av-masonry-1-item-11168' data-av-masonry-item='11168' class='av-masonry-entry isotope-item post-11168 attachment type-attachment status-inherit hentry  av-masonry-item-with-image' title=\"IMG-20250823-WA0046\" alt=\"\"   itemprop=\"thumbnailUrl\" ><div class='av-inner-masonry-sizer'><\/div><figure class='av-inner-masonry main_color'><div class=\"av-masonry-outerimage-container\"><div class=\"av-masonry-image-container\" ><img decoding=\"async\" width=\"705\" height=\"529\" class=\"wp-image-11168 avia-img-lazy-loading-not-11168\"  src=\"https:\/\/www.franciszkanie-warszawa.pl\/wp-content\/uploads\/2026\/01\/IMG-20250823-WA0046-705x529.jpg\" title=\"IMG-20250823-WA0046\" alt=\"\" srcset=\"https:\/\/www.franciszkanie-warszawa.pl\/wp-content\/uploads\/2026\/01\/IMG-20250823-WA0046-705x529.jpg 705w, https:\/\/www.franciszkanie-warszawa.pl\/wp-content\/uploads\/2026\/01\/IMG-20250823-WA0046-300x225.jpg 300w, https:\/\/www.franciszkanie-warszawa.pl\/wp-content\/uploads\/2026\/01\/IMG-20250823-WA0046-1030x773.jpg 1030w, https:\/\/www.franciszkanie-warszawa.pl\/wp-content\/uploads\/2026\/01\/IMG-20250823-WA0046-768x576.jpg 768w, https:\/\/www.franciszkanie-warszawa.pl\/wp-content\/uploads\/2026\/01\/IMG-20250823-WA0046.jpg 1200w\" sizes=\"(max-width: 705px) 100vw, 705px\" \/><\/div><\/div><\/figure><\/a><!--end av-masonry entry--><a href=\"https:\/\/www.franciszkanie-warszawa.pl\/wp-content\/uploads\/2026\/01\/IMG-20250823-WA0047-1030x579.jpg\"  aria-label=\"image IMG-20250823-WA0047\"  id='av-masonry-1-item-11169' data-av-masonry-item='11169' class='av-masonry-entry isotope-item post-11169 attachment type-attachment status-inherit hentry  av-masonry-item-with-image' title=\"IMG-20250823-WA0047\" alt=\"\"   itemprop=\"thumbnailUrl\" ><div class='av-inner-masonry-sizer'><\/div><figure class='av-inner-masonry main_color'><div class=\"av-masonry-outerimage-container\"><div class=\"av-masonry-image-container\" ><img decoding=\"async\" width=\"705\" height=\"397\" class=\"wp-image-11169 avia-img-lazy-loading-not-11169\"  src=\"https:\/\/www.franciszkanie-warszawa.pl\/wp-content\/uploads\/2026\/01\/IMG-20250823-WA0047-705x397.jpg\" title=\"IMG-20250823-WA0047\" alt=\"\" srcset=\"https:\/\/www.franciszkanie-warszawa.pl\/wp-content\/uploads\/2026\/01\/IMG-20250823-WA0047-705x397.jpg 705w, https:\/\/www.franciszkanie-warszawa.pl\/wp-content\/uploads\/2026\/01\/IMG-20250823-WA0047-300x169.jpg 300w, https:\/\/www.franciszkanie-warszawa.pl\/wp-content\/uploads\/2026\/01\/IMG-20250823-WA0047-1030x579.jpg 1030w, https:\/\/www.franciszkanie-warszawa.pl\/wp-content\/uploads\/2026\/01\/IMG-20250823-WA0047-768x432.jpg 768w, https:\/\/www.franciszkanie-warszawa.pl\/wp-content\/uploads\/2026\/01\/IMG-20250823-WA0047.jpg 1200w\" sizes=\"(max-width: 705px) 100vw, 705px\" \/><\/div><\/div><\/figure><\/a><!--end av-masonry entry--><a href=\"https:\/\/www.franciszkanie-warszawa.pl\/wp-content\/uploads\/2026\/01\/IMG-20250823-WA0057-1030x773.jpg\"  aria-label=\"image IMG-20250823-WA0057\"  id='av-masonry-1-item-11170' data-av-masonry-item='11170' class='av-masonry-entry isotope-item post-11170 attachment type-attachment status-inherit hentry  av-masonry-item-with-image' title=\"IMG-20250823-WA0057\" alt=\"\"   itemprop=\"thumbnailUrl\" ><div class='av-inner-masonry-sizer'><\/div><figure class='av-inner-masonry main_color'><div class=\"av-masonry-outerimage-container\"><div class=\"av-masonry-image-container\" ><img decoding=\"async\" width=\"705\" height=\"529\" class=\"wp-image-11170 avia-img-lazy-loading-not-11170\"  src=\"https:\/\/www.franciszkanie-warszawa.pl\/wp-content\/uploads\/2026\/01\/IMG-20250823-WA0057-705x529.jpg\" title=\"IMG-20250823-WA0057\" alt=\"\" srcset=\"https:\/\/www.franciszkanie-warszawa.pl\/wp-content\/uploads\/2026\/01\/IMG-20250823-WA0057-705x529.jpg 705w, https:\/\/www.franciszkanie-warszawa.pl\/wp-content\/uploads\/2026\/01\/IMG-20250823-WA0057-300x225.jpg 300w, https:\/\/www.franciszkanie-warszawa.pl\/wp-content\/uploads\/2026\/01\/IMG-20250823-WA0057-1030x773.jpg 1030w, https:\/\/www.franciszkanie-warszawa.pl\/wp-content\/uploads\/2026\/01\/IMG-20250823-WA0057-768x576.jpg 768w, https:\/\/www.franciszkanie-warszawa.pl\/wp-content\/uploads\/2026\/01\/IMG-20250823-WA0057.jpg 1200w\" sizes=\"(max-width: 705px) 100vw, 705px\" \/><\/div><\/div><\/figure><\/a><!--end av-masonry entry--><a href=\"https:\/\/www.franciszkanie-warszawa.pl\/wp-content\/uploads\/2026\/01\/burkina-1030x579.jpg\"  aria-label=\"image burkina\"  id='av-masonry-1-item-11171' data-av-masonry-item='11171' class='av-masonry-entry isotope-item post-11171 attachment type-attachment status-inherit hentry  av-masonry-item-with-image' title=\"burkina\" alt=\"\"   itemprop=\"thumbnailUrl\" ><div class='av-inner-masonry-sizer'><\/div><figure class='av-inner-masonry main_color'><div class=\"av-masonry-outerimage-container\"><div class=\"av-masonry-image-container\" ><img decoding=\"async\" width=\"705\" height=\"397\" class=\"wp-image-11171 avia-img-lazy-loading-not-11171\"  src=\"https:\/\/www.franciszkanie-warszawa.pl\/wp-content\/uploads\/2026\/01\/burkina-705x397.jpg\" title=\"burkina\" alt=\"\" srcset=\"https:\/\/www.franciszkanie-warszawa.pl\/wp-content\/uploads\/2026\/01\/burkina-705x397.jpg 705w, https:\/\/www.franciszkanie-warszawa.pl\/wp-content\/uploads\/2026\/01\/burkina-300x169.jpg 300w, https:\/\/www.franciszkanie-warszawa.pl\/wp-content\/uploads\/2026\/01\/burkina-1030x579.jpg 1030w, https:\/\/www.franciszkanie-warszawa.pl\/wp-content\/uploads\/2026\/01\/burkina-768x432.jpg 768w, https:\/\/www.franciszkanie-warszawa.pl\/wp-content\/uploads\/2026\/01\/burkina.jpg 1200w\" sizes=\"(max-width: 705px) 100vw, 705px\" \/><\/div><\/div><\/figure><\/a><!--end av-masonry entry--><a href=\"https:\/\/www.franciszkanie-warszawa.pl\/wp-content\/uploads\/2026\/01\/card.-Philippe-Ouedraogo-1030x579.jpg\"  aria-label=\"image card. Philippe Ouedraogo\"  id='av-masonry-1-item-11172' data-av-masonry-item='11172' class='av-masonry-entry isotope-item post-11172 attachment type-attachment status-inherit hentry  av-masonry-item-with-image' title=\"card. Philippe Ouedraogo\" alt=\"\"   itemprop=\"thumbnailUrl\" ><div class='av-inner-masonry-sizer'><\/div><figure class='av-inner-masonry main_color'><div class=\"av-masonry-outerimage-container\"><div class=\"av-masonry-image-container\" ><img decoding=\"async\" width=\"705\" height=\"397\" class=\"wp-image-11172 avia-img-lazy-loading-not-11172\"  src=\"https:\/\/www.franciszkanie-warszawa.pl\/wp-content\/uploads\/2026\/01\/card.-Philippe-Ouedraogo-705x397.jpg\" title=\"card. Philippe Ouedraogo\" alt=\"\" srcset=\"https:\/\/www.franciszkanie-warszawa.pl\/wp-content\/uploads\/2026\/01\/card.-Philippe-Ouedraogo-705x397.jpg 705w, https:\/\/www.franciszkanie-warszawa.pl\/wp-content\/uploads\/2026\/01\/card.-Philippe-Ouedraogo-300x169.jpg 300w, https:\/\/www.franciszkanie-warszawa.pl\/wp-content\/uploads\/2026\/01\/card.-Philippe-Ouedraogo-1030x579.jpg 1030w, https:\/\/www.franciszkanie-warszawa.pl\/wp-content\/uploads\/2026\/01\/card.-Philippe-Ouedraogo-768x432.jpg 768w, https:\/\/www.franciszkanie-warszawa.pl\/wp-content\/uploads\/2026\/01\/card.-Philippe-Ouedraogo.jpg 1200w\" sizes=\"(max-width: 705px) 100vw, 705px\" \/><\/div><\/div><\/figure><\/a><!--end av-masonry entry--><a href=\"https:\/\/www.franciszkanie-warszawa.pl\/wp-content\/uploads\/2026\/01\/joie-des-soeurs-1030x579.jpg\"  aria-label=\"image joie des soeurs\"  id='av-masonry-1-item-11173' data-av-masonry-item='11173' class='av-masonry-entry isotope-item post-11173 attachment type-attachment status-inherit hentry  av-masonry-item-with-image' title=\"joie des soeurs\" alt=\"\"   itemprop=\"thumbnailUrl\" ><div class='av-inner-masonry-sizer'><\/div><figure class='av-inner-masonry main_color'><div class=\"av-masonry-outerimage-container\"><div class=\"av-masonry-image-container\" ><img decoding=\"async\" width=\"705\" height=\"397\" class=\"wp-image-11173 avia-img-lazy-loading-not-11173\"  src=\"https:\/\/www.franciszkanie-warszawa.pl\/wp-content\/uploads\/2026\/01\/joie-des-soeurs-705x397.jpg\" title=\"joie des soeurs\" alt=\"\" srcset=\"https:\/\/www.franciszkanie-warszawa.pl\/wp-content\/uploads\/2026\/01\/joie-des-soeurs-705x397.jpg 705w, https:\/\/www.franciszkanie-warszawa.pl\/wp-content\/uploads\/2026\/01\/joie-des-soeurs-300x169.jpg 300w, https:\/\/www.franciszkanie-warszawa.pl\/wp-content\/uploads\/2026\/01\/joie-des-soeurs-1030x579.jpg 1030w, https:\/\/www.franciszkanie-warszawa.pl\/wp-content\/uploads\/2026\/01\/joie-des-soeurs-768x432.jpg 768w, https:\/\/www.franciszkanie-warszawa.pl\/wp-content\/uploads\/2026\/01\/joie-des-soeurs.jpg 1200w\" sizes=\"(max-width: 705px) 100vw, 705px\" \/><\/div><\/div><\/figure><\/a><!--end av-masonry entry--><a href=\"https:\/\/www.franciszkanie-warszawa.pl\/wp-content\/uploads\/2026\/01\/photo-finale-1030x773.jpg\"  aria-label=\"image photo finale\"  id='av-masonry-1-item-11174' data-av-masonry-item='11174' class='av-masonry-entry isotope-item post-11174 attachment type-attachment status-inherit hentry  av-masonry-item-with-image' title=\"photo finale\" alt=\"\"   itemprop=\"thumbnailUrl\" ><div class='av-inner-masonry-sizer'><\/div><figure class='av-inner-masonry main_color'><div class=\"av-masonry-outerimage-container\"><div class=\"av-masonry-image-container\" ><img decoding=\"async\" width=\"705\" height=\"529\" class=\"wp-image-11174 avia-img-lazy-loading-not-11174\"  src=\"https:\/\/www.franciszkanie-warszawa.pl\/wp-content\/uploads\/2026\/01\/photo-finale-705x529.jpg\" title=\"photo finale\" alt=\"\" srcset=\"https:\/\/www.franciszkanie-warszawa.pl\/wp-content\/uploads\/2026\/01\/photo-finale-705x529.jpg 705w, https:\/\/www.franciszkanie-warszawa.pl\/wp-content\/uploads\/2026\/01\/photo-finale-300x225.jpg 300w, https:\/\/www.franciszkanie-warszawa.pl\/wp-content\/uploads\/2026\/01\/photo-finale-1030x773.jpg 1030w, https:\/\/www.franciszkanie-warszawa.pl\/wp-content\/uploads\/2026\/01\/photo-finale-768x576.jpg 768w, https:\/\/www.franciszkanie-warszawa.pl\/wp-content\/uploads\/2026\/01\/photo-finale.jpg 1200w\" sizes=\"(max-width: 705px) 100vw, 705px\" \/><\/div><\/div><\/figure><\/a><!--end av-masonry entry--><a href=\"https:\/\/www.franciszkanie-warszawa.pl\/wp-content\/uploads\/2026\/01\/photos-avec-card-et-sacre-Choeur-1030x773.jpg\"  aria-label=\"image photos avec card et sacre Choeur\"  id='av-masonry-1-item-11175' data-av-masonry-item='11175' class='av-masonry-entry isotope-item post-11175 attachment type-attachment status-inherit hentry  av-masonry-item-with-image' title=\"photos avec card et sacre Choeur\" alt=\"\"   itemprop=\"thumbnailUrl\" ><div class='av-inner-masonry-sizer'><\/div><figure class='av-inner-masonry main_color'><div class=\"av-masonry-outerimage-container\"><div class=\"av-masonry-image-container\" ><img decoding=\"async\" width=\"705\" height=\"529\" class=\"wp-image-11175 avia-img-lazy-loading-not-11175\"  src=\"https:\/\/www.franciszkanie-warszawa.pl\/wp-content\/uploads\/2026\/01\/photos-avec-card-et-sacre-Choeur-705x529.jpg\" title=\"photos avec card et sacre Choeur\" alt=\"\" srcset=\"https:\/\/www.franciszkanie-warszawa.pl\/wp-content\/uploads\/2026\/01\/photos-avec-card-et-sacre-Choeur-705x529.jpg 705w, https:\/\/www.franciszkanie-warszawa.pl\/wp-content\/uploads\/2026\/01\/photos-avec-card-et-sacre-Choeur-300x225.jpg 300w, https:\/\/www.franciszkanie-warszawa.pl\/wp-content\/uploads\/2026\/01\/photos-avec-card-et-sacre-Choeur-1030x773.jpg 1030w, https:\/\/www.franciszkanie-warszawa.pl\/wp-content\/uploads\/2026\/01\/photos-avec-card-et-sacre-Choeur-768x576.jpg 768w, https:\/\/www.franciszkanie-warszawa.pl\/wp-content\/uploads\/2026\/01\/photos-avec-card-et-sacre-Choeur.jpg 1200w\" sizes=\"(max-width: 705px) 100vw, 705px\" \/><\/div><\/div><\/figure><\/a><!--end av-masonry entry--><a href=\"https:\/\/www.franciszkanie-warszawa.pl\/wp-content\/uploads\/2026\/01\/priere-simple-1-1030x579.jpg\"  aria-label=\"image priere simple 1\"  id='av-masonry-1-item-11176' data-av-masonry-item='11176' class='av-masonry-entry isotope-item post-11176 attachment type-attachment status-inherit hentry  av-masonry-item-with-image' title=\"priere simple 1\" alt=\"\"   itemprop=\"thumbnailUrl\" ><div class='av-inner-masonry-sizer'><\/div><figure class='av-inner-masonry main_color'><div class=\"av-masonry-outerimage-container\"><div class=\"av-masonry-image-container\" ><img decoding=\"async\" width=\"705\" height=\"397\" class=\"wp-image-11176 avia-img-lazy-loading-not-11176\"  src=\"https:\/\/www.franciszkanie-warszawa.pl\/wp-content\/uploads\/2026\/01\/priere-simple-1-705x397.jpg\" title=\"priere simple 1\" alt=\"\" srcset=\"https:\/\/www.franciszkanie-warszawa.pl\/wp-content\/uploads\/2026\/01\/priere-simple-1-705x397.jpg 705w, https:\/\/www.franciszkanie-warszawa.pl\/wp-content\/uploads\/2026\/01\/priere-simple-1-300x169.jpg 300w, https:\/\/www.franciszkanie-warszawa.pl\/wp-content\/uploads\/2026\/01\/priere-simple-1-1030x579.jpg 1030w, https:\/\/www.franciszkanie-warszawa.pl\/wp-content\/uploads\/2026\/01\/priere-simple-1-768x432.jpg 768w, https:\/\/www.franciszkanie-warszawa.pl\/wp-content\/uploads\/2026\/01\/priere-simple-1.jpg 1200w\" sizes=\"(max-width: 705px) 100vw, 705px\" \/><\/div><\/div><\/figure><\/a><!--end av-masonry entry--><a href=\"https:\/\/www.franciszkanie-warszawa.pl\/wp-content\/uploads\/2026\/01\/priere-traditionel-moosi-1030x579.jpg\"  aria-label=\"image priere traditionel moosi\"  id='av-masonry-1-item-11177' data-av-masonry-item='11177' class='av-masonry-entry isotope-item post-11177 attachment type-attachment status-inherit hentry  av-masonry-item-with-image' title=\"priere traditionel moosi\" alt=\"\"   itemprop=\"thumbnailUrl\" ><div class='av-inner-masonry-sizer'><\/div><figure class='av-inner-masonry main_color'><div class=\"av-masonry-outerimage-container\"><div class=\"av-masonry-image-container\" ><img decoding=\"async\" width=\"705\" height=\"397\" class=\"wp-image-11177 avia-img-lazy-loading-not-11177\"  src=\"https:\/\/www.franciszkanie-warszawa.pl\/wp-content\/uploads\/2026\/01\/priere-traditionel-moosi-705x397.jpg\" title=\"priere traditionel moosi\" alt=\"\" srcset=\"https:\/\/www.franciszkanie-warszawa.pl\/wp-content\/uploads\/2026\/01\/priere-traditionel-moosi-705x397.jpg 705w, https:\/\/www.franciszkanie-warszawa.pl\/wp-content\/uploads\/2026\/01\/priere-traditionel-moosi-300x169.jpg 300w, https:\/\/www.franciszkanie-warszawa.pl\/wp-content\/uploads\/2026\/01\/priere-traditionel-moosi-1030x579.jpg 1030w, https:\/\/www.franciszkanie-warszawa.pl\/wp-content\/uploads\/2026\/01\/priere-traditionel-moosi-768x432.jpg 768w, https:\/\/www.franciszkanie-warszawa.pl\/wp-content\/uploads\/2026\/01\/priere-traditionel-moosi.jpg 1200w\" sizes=\"(max-width: 705px) 100vw, 705px\" \/><\/div><\/div><\/figure><\/a><!--end av-masonry entry--><a href=\"https:\/\/www.franciszkanie-warszawa.pl\/wp-content\/uploads\/2026\/01\/prire-musulmans-1030x579.jpg\"  aria-label=\"image prire musulmans\"  id='av-masonry-1-item-11178' data-av-masonry-item='11178' class='av-masonry-entry isotope-item post-11178 attachment type-attachment status-inherit hentry  av-masonry-item-with-image' title=\"prire musulmans\" alt=\"\"   itemprop=\"thumbnailUrl\" ><div class='av-inner-masonry-sizer'><\/div><figure class='av-inner-masonry main_color'><div class=\"av-masonry-outerimage-container\"><div class=\"av-masonry-image-container\" ><img decoding=\"async\" width=\"705\" height=\"397\" class=\"wp-image-11178 avia-img-lazy-loading-not-11178\"  src=\"https:\/\/www.franciszkanie-warszawa.pl\/wp-content\/uploads\/2026\/01\/prire-musulmans-705x397.jpg\" title=\"prire musulmans\" alt=\"\" srcset=\"https:\/\/www.franciszkanie-warszawa.pl\/wp-content\/uploads\/2026\/01\/prire-musulmans-705x397.jpg 705w, https:\/\/www.franciszkanie-warszawa.pl\/wp-content\/uploads\/2026\/01\/prire-musulmans-300x169.jpg 300w, https:\/\/www.franciszkanie-warszawa.pl\/wp-content\/uploads\/2026\/01\/prire-musulmans-1030x579.jpg 1030w, https:\/\/www.franciszkanie-warszawa.pl\/wp-content\/uploads\/2026\/01\/prire-musulmans-768x432.jpg 768w, https:\/\/www.franciszkanie-warszawa.pl\/wp-content\/uploads\/2026\/01\/prire-musulmans.jpg 1200w\" sizes=\"(max-width: 705px) 100vw, 705px\" \/><\/div><\/div><\/figure><\/a><!--end av-masonry entry--><a href=\"https:\/\/www.franciszkanie-warszawa.pl\/wp-content\/uploads\/2026\/01\/publique-1030x579.jpg\"  aria-label=\"image publique\"  id='av-masonry-1-item-11179' data-av-masonry-item='11179' class='av-masonry-entry isotope-item post-11179 attachment type-attachment status-inherit hentry  av-masonry-item-with-image' title=\"publique\" alt=\"\"   itemprop=\"thumbnailUrl\" ><div class='av-inner-masonry-sizer'><\/div><figure class='av-inner-masonry main_color'><div class=\"av-masonry-outerimage-container\"><div class=\"av-masonry-image-container\" ><img decoding=\"async\" width=\"705\" height=\"397\" class=\"wp-image-11179 avia-img-lazy-loading-not-11179\"  src=\"https:\/\/www.franciszkanie-warszawa.pl\/wp-content\/uploads\/2026\/01\/publique-705x397.jpg\" title=\"publique\" alt=\"\" srcset=\"https:\/\/www.franciszkanie-warszawa.pl\/wp-content\/uploads\/2026\/01\/publique-705x397.jpg 705w, https:\/\/www.franciszkanie-warszawa.pl\/wp-content\/uploads\/2026\/01\/publique-300x169.jpg 300w, https:\/\/www.franciszkanie-warszawa.pl\/wp-content\/uploads\/2026\/01\/publique-1030x579.jpg 1030w, https:\/\/www.franciszkanie-warszawa.pl\/wp-content\/uploads\/2026\/01\/publique-768x432.jpg 768w, https:\/\/www.franciszkanie-warszawa.pl\/wp-content\/uploads\/2026\/01\/publique.jpg 1200w\" sizes=\"(max-width: 705px) 100vw, 705px\" \/><\/div><\/div><\/figure><\/a><!--end av-masonry entry--><a href=\"https:\/\/www.franciszkanie-warszawa.pl\/wp-content\/uploads\/2026\/01\/sinphonie-franciscaine-1030x579.jpg\"  aria-label=\"image sinphonie franciscaine\"  id='av-masonry-1-item-11180' data-av-masonry-item='11180' class='av-masonry-entry isotope-item post-11180 attachment type-attachment status-inherit hentry  av-masonry-item-with-image' title=\"sinphonie franciscaine\" alt=\"\"   itemprop=\"thumbnailUrl\" ><div class='av-inner-masonry-sizer'><\/div><figure class='av-inner-masonry main_color'><div class=\"av-masonry-outerimage-container\"><div class=\"av-masonry-image-container\" ><img decoding=\"async\" width=\"705\" height=\"397\" class=\"wp-image-11180 avia-img-lazy-loading-not-11180\"  src=\"https:\/\/www.franciszkanie-warszawa.pl\/wp-content\/uploads\/2026\/01\/sinphonie-franciscaine-705x397.jpg\" title=\"sinphonie franciscaine\" alt=\"\" srcset=\"https:\/\/www.franciszkanie-warszawa.pl\/wp-content\/uploads\/2026\/01\/sinphonie-franciscaine-705x397.jpg 705w, https:\/\/www.franciszkanie-warszawa.pl\/wp-content\/uploads\/2026\/01\/sinphonie-franciscaine-300x169.jpg 300w, https:\/\/www.franciszkanie-warszawa.pl\/wp-content\/uploads\/2026\/01\/sinphonie-franciscaine-1030x579.jpg 1030w, https:\/\/www.franciszkanie-warszawa.pl\/wp-content\/uploads\/2026\/01\/sinphonie-franciscaine-768x432.jpg 768w, https:\/\/www.franciszkanie-warszawa.pl\/wp-content\/uploads\/2026\/01\/sinphonie-franciscaine.jpg 1200w\" sizes=\"(max-width: 705px) 100vw, 705px\" \/><\/div><\/div><\/figure><\/a><!--end av-masonry entry--><\/div><\/div>\n","protected":false},"excerpt":{"rendered":"","protected":false},"author":1,"featured_media":11180,"comment_status":"open","ping_status":"open","sticky":false,"template":"","format":"standard","meta":{"_crdt_document":"","footnotes":""},"categories":[56],"tags":[],"class_list":["post-11163","post","type-post","status-publish","format-standard","has-post-thumbnail","hentry","category-z-zycia-prowincji"],"_links":{"self":[{"href":"https:\/\/www.franciszkanie-warszawa.pl\/index.php?rest_route=\/wp\/v2\/posts\/11163","targetHints":{"allow":["GET"]}}],"collection":[{"href":"https:\/\/www.franciszkanie-warszawa.pl\/index.php?rest_route=\/wp\/v2\/posts"}],"about":[{"href":"https:\/\/www.franciszkanie-warszawa.pl\/index.php?rest_route=\/wp\/v2\/types\/post"}],"author":[{"embeddable":true,"href":"https:\/\/www.franciszkanie-warszawa.pl\/index.php?rest_route=\/wp\/v2\/users\/1"}],"replies":[{"embeddable":true,"href":"https:\/\/www.franciszkanie-warszawa.pl\/index.php?rest_route=%2Fwp%2Fv2%2Fcomments&post=11163"}],"version-history":[{"count":3,"href":"https:\/\/www.franciszkanie-warszawa.pl\/index.php?rest_route=\/wp\/v2\/posts\/11163\/revisions"}],"predecessor-version":[{"id":11165,"href":"https:\/\/www.franciszkanie-warszawa.pl\/index.php?rest_route=\/wp\/v2\/posts\/11163\/revisions\/11165"}],"wp:featuredmedia":[{"embeddable":true,"href":"https:\/\/www.franciszkanie-warszawa.pl\/index.php?rest_route=\/wp\/v2\/media\/11180"}],"wp:attachment":[{"href":"https:\/\/www.franciszkanie-warszawa.pl\/index.php?rest_route=%2Fwp%2Fv2%2Fmedia&parent=11163"}],"wp:term":[{"taxonomy":"category","embeddable":true,"href":"https:\/\/www.franciszkanie-warszawa.pl\/index.php?rest_route=%2Fwp%2Fv2%2Fcategories&post=11163"},{"taxonomy":"post_tag","embeddable":true,"href":"https:\/\/www.franciszkanie-warszawa.pl\/index.php?rest_route=%2Fwp%2Fv2%2Ftags&post=11163"}],"curies":[{"name":"wp","href":"https:\/\/api.w.org\/{rel}","templated":true}]}}