{"id":11100,"date":"2025-12-09T12:02:03","date_gmt":"2025-12-09T11:02:03","guid":{"rendered":"https:\/\/www.franciszkanie-warszawa.pl\/?p=11100"},"modified":"2025-12-13T06:10:40","modified_gmt":"2025-12-13T05:10:40","slug":"zmarl-o-michal-krajewski-1970-2025","status":"publish","type":"post","link":"https:\/\/www.franciszkanie-warszawa.pl\/?p=11100","title":{"rendered":"\u015ap. o. Micha\u0142 Krajewski (1970-2025)"},"content":{"rendered":"<p style=\"font-weight: 400;\"><a href=\"https:\/\/www.franciszkanie-warszawa.pl\/wp-content\/uploads\/2025\/12\/img77.jpg\"><img loading=\"lazy\" decoding=\"async\" class=\"size-medium wp-image-11101 alignright\" src=\"https:\/\/www.franciszkanie-warszawa.pl\/wp-content\/uploads\/2025\/12\/img77-202x300.jpg\" alt=\"\" width=\"202\" height=\"300\" srcset=\"https:\/\/www.franciszkanie-warszawa.pl\/wp-content\/uploads\/2025\/12\/img77-202x300.jpg 202w, https:\/\/www.franciszkanie-warszawa.pl\/wp-content\/uploads\/2025\/12\/img77.jpg 276w\" sizes=\"auto, (max-width: 202px) 100vw, 202px\" \/><\/a><\/p>\n<p>\u015ap. Ojciec Micha\u0142 Rafa\u0142 KRAJEWSKI, profes wieczysty i kap\u0142an, jubilat w Zakonie, zmar\u0142 dnia 7 grudnia 2025 r. w Uniwersyteckim Szpitalu Klinicznym w Bia\u0142ymstoku; uko\u0144czy\u0142 55 lat, prze\u017cywszy 37 lat jako zakonnik i 30 lat jako kap\u0142an.<\/p>\n<p>O. Micha\u0142 Krajewski urodzi\u0142 si\u0119 dnia 6 stycznia 1970 roku w \u0141odzi, w rodzinie Antoniego i Jadwigi z domu \u015awitacz. Zosta\u0142 ochrzczony 29 marca 1970 r. w ko\u015bciele parafialnym pw. \u015bw. Wojciecha w \u0141odzi, otrzymuj\u0105c imiona Micha\u0142 Rafa\u0142.<\/p>\n<p>Maj\u0105c sze\u015b\u0107 lat rozpocz\u0105\u0142 nauk\u0119 w zakresie szko\u0142y podstawowej w \u0141odzi, najpierw w Szkole Podstawowej nr 107, a nast\u0119pnie, po zmianie miejsca zamieszkania, w Szkole Podstawowej nr 187. Po jej uko\u0144czeniu kontynuowa\u0142 nauk\u0119 w Ni\u017cszym Seminarium Duchownym OO. Franciszkan\u00f3w w Niepokalanowie w latach 1984-1987. 18 maja 1985 r., przyj\u0105\u0142 w Niepokalanowie sakrament bierzmowania z r\u0105k ks. bpa Kazimierza Romaniuka, \u00f3wczesnego biskupa pomocniczego archidiecezji warszawskiej.<\/p>\n<p>Jednak ostatni rok szko\u0142y \u015bredniej pragn\u0105\u0142 doko\u0144czy\u0107 poza Niepokalanowem, nie rezygnuj\u0105c jednak z podj\u0119cia w przysz\u0142o\u015bci drogi zakonnej. W tym czasie uczy\u0142 si\u0119 w XXV Liceum Og\u00f3lnokszta\u0142c\u0105cym im. Stefana \u017beromskiego w \u0141odzi oraz ucz\u0119szcza\u0142 na katechez\u0119 do naszej parafii \u015bw. Maksymiliana w \u0141odzi na D\u0105browie.<\/p>\n<p>Po egzaminie maturalnym i otrzymaniu \u015bwiadectwa dojrza\u0142o\u015bci podj\u0105\u0142 decyzj\u0119 o wst\u0105pieniu do Zakonu Braci Mniejszych Konwentualnych Prowincji Matki Bo\u017cej Niepokalanej. W podaniu wyrazi\u0142 pragnienie rozwoju swojego powo\u0142ania i doj\u015bcia zgodnie z wol\u0105 Bo\u017c\u0105 do stanu kap\u0142a\u0144skiego.<\/p>\n<p>Dnia 7 wrze\u015bnia 1988 r. \u2013 jako najm\u0142odszy brat w naszej Prowincji \u2013 rozpocz\u0105\u0142 nowicjat w Smardzewicach pod kierunkiem mistrza o.\u00a0Miko\u0142aja Walczaka. Po roku, 8 wrze\u015bnia 1989 r., z\u0142o\u017cy\u0142 pierwsz\u0105 profesj\u0105 zakonn\u0105 na r\u0119ce o. Leona Rawalskiego, Ministra Prowincjalnego Prowincji \u015bw.\u00a0Maksymiliana M. Kolbego w Polsce.<\/p>\n<p>W tym samym roku rozpocz\u0105\u0142 dalsz\u0105 formacj\u0119 zakonn\u0105 i studia filozoficzno-teologiczne w Wy\u017cszym Seminarium Duchownym OO. Franciszkan\u00f3w w \u0141odzi \u0141agiewnikach, zwie\u0144czone prac\u0105 z ekumenizmu u o. prof. dra hab. Celestyna Napi\u00f3rkowskiego (\u201eDuch \u015awi\u0119ty wed\u0142ug Apologii Konfesji Augsburskiej\u201d).<\/p>\n<p>Po czterech latach formacji wst\u0119pnej, ojciec Prowincja\u0142 J\u00f3zef \u0141api\u0144ski przyj\u0105\u0142 jego \u015bluby wieczyste w Niepokalanowie 8\u00a0stycznia 1994 r. Przed \u015blubami wyzna\u0142: \u201eSta\u0142em si\u0119 wi\u0119kszym realist\u0105. Jednak\u017ce B\u00f3g jest wi\u0119kszy od moich s\u0142abo\u015bci. Sta\u0142em si\u0119 bardziej ufny w moc Bo\u017c\u0105\u201d (Sprawozdanie skrutatora, z dnia 12.06.1993).<\/p>\n<p style=\"font-weight: 400;\">Okres formacji seminaryjnej zosta\u0142 uwie\u0144czony \u015bwi\u0119ceniami kap\u0142a\u0144skimi. Najpierw 11 czerwca 1994 r. z r\u0105k ks. kard. J\u00f3zefa Glempa, Prymasa Polski i Metropolity Warszawskiego, przyj\u0105\u0142 w Niepokalanowie \u015bwi\u0119cenia diakonatu, a 13 maja 1995 r. ks. bp Josaphat Louis Lebulu, biskup diecezji Same w Tanzanii, udzieli\u0142 mu w sanktuarium \u015bw. Antoniego w \u0141odzi \u0141agiewnikach \u015bwi\u0119ce\u0144 w stopniu prezbiteratu.<\/p>\n<p style=\"font-weight: 400;\">Zaraz po \u015bwi\u0119ceniach o. Micha\u0142 zosta\u0142 pos\u0142any do Niepokalanowa do pracy rekolekcyjno-oazowej, a nast\u0119pnie na miesi\u0105c do pracy duszpasterskiej przy klasztorze w \u0141odzi (ul. Krasickiego). Natomiast pod koniec sierpnia 1995 r. uda\u0142 si\u0119 do Skar\u017cyska Kamiennej, gdzie pracowa\u0142 duszpastersko w parafii i pe\u0142ni\u0142 obowi\u0105zek katechety.<\/p>\n<p style=\"font-weight: 400;\">Po roku zosta\u0142 skierowany ponownie do klasztoru w \u0141odzi przy ul. Krasickiego, gdzie r\u00f3wnie\u017c pos\u0142ugiwa\u0142 g\u0142\u00f3wnie jako katecheta. W tym czasie poprosi\u0142 o umo\u017cliwienie podj\u0119cia studi\u00f3w w trybie zaocznym na Instytucie Formacji Pastoralno-Liturgicznej Wydzia\u0142u Teologicznego KUL dla moderator\u00f3w Ruchu \u015awiat\u0142o- \u017bycie, na kt\u00f3re otrzyma\u0142 zgod\u0119 Prowincja\u0142a.<\/p>\n<p style=\"font-weight: 400;\">Ju\u017c w podaniu przed \u015bwi\u0119ceniami o. Micha\u0142 wyrazi\u0142 \u201ech\u0119\u0107 zaanga\u017cowania si\u0119 jako duszpasterz w dzie\u0142o odnowy Ko\u015bcio\u0142a w ramach Ruchu \u015awiat\u0142o- \u017bycie, w kt\u00f3rym odkry\u0142 swoj\u0105 wiar\u0119 oraz otrzyma\u0142 w\u0142asne powo\u0142anie franciszka\u0144skie\u201d. \u00d3wczesny prowincja\u0142 umo\u017cliwi\u0142 mu t\u0119 pos\u0142ug\u0119, powierzaj\u0105c mu we wrze\u015bniu 1996 r. opiek\u0119 nad wsp\u00f3lnotami tego Ruchu w naszej Prowincji (Oaz\u0105 Franciszka\u0144sk\u0105 Samaria), a nast\u0119pnie w lutym 1997 mianowa\u0142 moderatorem zakonnym Prowincji Ruchu \u015awiat\u0142o- \u017bycie.<\/p>\n<p style=\"font-weight: 400;\">Jednak z ko\u0144cem sierpnia 1997 r. o. Micha\u0142 zosta\u0142 przeniesiony do Kalisza, aby w lutym 1999 r. przyby\u0107 na p\u00f3\u0142 roku do klasztoru w Wyszogrodzie na czas odpoczynku i pog\u0142\u0119bionej refleksji. Po dw\u00f3ch miesi\u0105cach wakacyjnych 1999 r. sp\u0119dzonym w Radziejowie na zast\u0119pstwie, o. Prowincja\u0142 zdecydowa\u0142 o wys\u0142aniu o. Micha\u0142a do klasztoru w \u0141odzi na D\u0105browie, gdzie opr\u00f3cz zwyk\u0142ych obowi\u0105zk\u00f3w duszpasterskich i klasztornych pe\u0142ni\u0142 opiek\u0119 nad Akcj\u0119 Katolick\u0105 i by\u0142 spowiednikiem si\u00f3str Bernardynek.<\/p>\n<p style=\"font-weight: 400;\">We wrze\u015bniu 2001 r. na mocy obediencji zakonnej przyby\u0142 do klasztoru w Warszawie, gdzie od stycznia 2002 r. zosta\u0142 mianowany osobistym sekretarzem Prowincja\u0142a, o. Grzegorza Bartosika. W tym samym roku Prze\u0142o\u017cony Wy\u017cszy Prowincji zezwoli\u0142 o. Micha\u0142owi podj\u0119cie studi\u00f3w w trybie zaocznym na WT UKSW w zakresie Teologii Pastoralnej, kt\u00f3re zosta\u0142y uko\u0144czone licencjatem kanonicznym w czerwcu 2006 r. W czasie pobytu w Warszawie o. Micha\u0142 zwi\u0105za\u0142 si\u0119 te\u017c ze wsp\u00f3lnotami Drogi Neokatechumenalnej, nie tylko pos\u0142uguj\u0105c jako prezbiter, ale pozwalaj\u0105c, aby formacja Drogi kszta\u0142towa\u0142a te\u017c jego relacj\u0119 z Bogiem i bra\u0107mi.<\/p>\n<p style=\"font-weight: 400;\">W kwietniu 2004 r. XX Kapitu\u0142a Prowincjalna Zwyczajna wybra\u0142a o. Micha\u0142a na Definitora Prowincjalnego i Sekretarza Prowincji na okres kadencji do 2008 r.<\/p>\n<p style=\"font-weight: 400;\">Po zako\u0144czeniu pracy w Kurii Prowincjalnej \u2013 b\u0119d\u0105c przekonany, \u017ce jest to odpowiedzi\u0105 na g\u0142os Bo\u017cy zapraszaj\u0105cy do podj\u0119cia nowego sposobu \u017cycia \u2013 rozpocz\u0105\u0142 d\u0142ugie 17-letnie poszukiwanie i do\u015bwiadczenie \u017cycia pustelniczego: najpierw (2008-2009) w Pustelni franciszka\u0144skiej na G\u00f3rze Polanowskiej (nale\u017c\u0105cej do Prowincji gda\u0144skiej naszego Zakonu), od grudnia 2009 do czerwca 2010 we wsp\u00f3lnocie zakonnej Braci Kapucyn\u00f3w w Katowicach-Za\u0142\u0119\u017ce, kt\u00f3rzy podj\u0119li si\u0119 pr\u00f3by \u017cycia ca\u0142kowicie wed\u0142ug s\u0142\u00f3w, prostoty i radykalizmu \u015bw. Franciszka, a nast\u0119pnie w naszym domu w Stoczku jako miejscu bardziej nadaj\u0105cym si\u0119 na dom modlitwy.<\/p>\n<p style=\"font-weight: 400;\">Ju\u017c w 2009 roku \u2013 zdaj\u0105c sobie spraw\u0119, \u017ce mo\u017ce to budzi\u0107 zdziwienie i nieporozumienia \u2013 wyrazi\u0142 pragnienie utworzenia w naszej Prowincji autonomicznego miejsca, w kt\u00f3rym mo\u017cna by \u017cy\u0107 wed\u0142ug Regu\u0142y \u015bw. Franciszka dla Pustelni. W maju 2011 roku otrzyma\u0142 pozwolenie na prowadzenie poszukiwa\u0144 w tym zakresie, a w pa\u017adzierniku tego samego roku miejscowy ordynariusz wyrazi\u0142 zgod\u0119 na za\u0142o\u017cenie Domu Modlitwy (pustelni) w le\u015bnicz\u00f3wce Burczak na terenie parafii Jurowce (w Puszczy Knyszy\u0144skiej na Podlasiu), kt\u00f3ra mia\u0142a by\u0107 miejscem odosobnienia i modlitwy dla franciszkan\u00f3w, kt\u00f3rzy otrzymali zgod\u0119 w\u0142asnego prze\u0142o\u017conego na prowadzenie tego stylu \u017cycia i zostali zatwierdzeni przez Metropolit\u0119 Bia\u0142ostockiego.<\/p>\n<p style=\"font-weight: 400;\">Po zniesieniu tego domu w 2015 roku, o. Micha\u0142 stara\u0142 si\u0119 kontynuowa\u0107 \u017cycie pustelnicze, znajduj\u0105c przychylno\u015b\u0107 u Biskupa E\u0142ckiego, kt\u00f3ry pragn\u0105\u0142 wskrzesi\u0107 t\u0119 form\u0119 \u017cycia w swojej diecezji i poprosi\u0142 o jego obecno\u015b\u0107. Tak wi\u0119c od wrze\u015bnia 2015 roku do ko\u0144ca swojego \u017cycia o. Micha\u0142 prowadzi\u0142 \u017cycie eremickie i pe\u0142ni\u0142 pos\u0142ug\u0119 duszpastersk\u0105 w pustelni \u015bw. Franciszka w Doliwach \u2013 najpierw w imieniu naszego Zakonu, a w ostatnim p\u00f3\u0142roczu, po uzyskaniu pozwolenia Stolicy Apostolskiej, na pr\u00f3bie w diecezji E\u0142ckiej wed\u0142ug formu\u0142y okre\u015blonej w <em>Ordo Vitae Eremiticae<\/em>. Dzi\u0119ki swojemu do\u015bwiadczeniu \u017cycia pustelniczego sta\u0142 si\u0119 kierownikiem duchowym wielu os\u00f3b, cenionym spowiednikiem dla kap\u0142an\u00f3w, jak te\u017c formatorem nowych powo\u0142a\u0144 do \u017cycia pustelniczego.<\/p>\n<p style=\"font-weight: 400;\">Choroba i tak szybkie odej\u015bcie o. Micha\u0142a Krajewskiego by\u0142a dla wszystkich zaskoczeniem. Na pocz\u0105tku grudnia stwierdzono u o. Micha\u0142a bia\u0142aczk\u0119 limfatyczn\u0105 i zalecono piln\u0105 hospitalizacj\u0119. Po kr\u00f3tkim pobycie na oddziale onkologii szpitala w Suwa\u0142kach, zosta\u0142 przeniesiony do Uniwersyteckiego Szpitala Klinicznego w Bia\u0142ymstoku na oddzia\u0142 hematologiczny, gdzie 7 grudnia 2025 ok. godz. 23.00 wysz\u0142a mu na spotkanie siostra nasza \u015bmier\u0107 cielesna.<\/p>\n<p style=\"font-weight: 400;\">W jubileuszowym roku 800-lecia Pie\u015bni S\u0142onecznej \u015bw. Franciszka z Asy\u017cu b\u0142ogos\u0142awimy naszego Pana i dzi\u0119ki Mu sk\u0142adamy tak\u017ce za \u017cycie o. Micha\u0142a i jego zaanga\u017cowanie w Ko\u015bciele i naszej franciszka\u0144skiej Prowincji; za \u015bwiadectwo nieustannego i trudnego poszukiwania woli Bo\u017cej. Modlimy si\u0119, aby dobry B\u00f3g, kt\u00f3remu po\u015bwi\u0119ci\u0142 si\u0119 w spos\u00f3b radykalny, przyj\u0105\u0142 go do Swego Kr\u00f3lestwa. Jednocze\u015bnie polecamy go wstawiennictwu naszej Patronki, Matki Bo\u017cej Niepokalanej, i naszego Patriarchy \u015awi\u0119tego Ojca Franciszka.<\/p>\n<p style=\"font-weight: 400;\">\n<p style=\"font-weight: 400;\">Uroczysto\u015bci pogrzebowe \u015bp. o. Micha\u0142a Krajewskiego odby\u0142y si\u0119 12 grudnia 2025 roku w\u00a0Niepokalanowie. Rozpocz\u0119\u0142y si\u0119 o godz. 10.00 czuwaniem modlitewnym w Kaplicy \u015bw.\u00a0Maksymiliana. Nast\u0119pnie bracia i przybyli wierni przeszli procesyjnie z Sanktuarium do Bazyliki, gdzie o godz. 11.00 zosta\u0142a odprawiona Msza \u015awi\u0119ta w intencji zmar\u0142ego Brata. Przewodniczy\u0142 jej ks. bp. Jerzy Mazur, Biskup E\u0142cki, a okoliczno\u015bciow\u0105 homili\u0119 wyg\u0142osi\u0142 ks. Jerzy Marcin Soko\u0142owski, proboszcz parafii Zmartwychwstania Pa\u0144skiego w Bia\u0142ymstoku. Na zako\u0144czenie Eucharystii liczne grono zgromadzonych z\u0142o\u017cy\u0142o \u015bwiadectwo o dobroci i \u0142asce, kt\u00f3re otrzymali dzi\u0119ki pomocy lub modlitwie o. Micha\u0142a. Kondukt \u017ca\u0142obny na\u00a0cmentarz klasztorny poprowadzi\u0142 i przewodniczy\u0142 modlitw\u0105 nad trumn\u0105 zmar\u0142ego Ojca o. bp Piotr Kleszcz, biskup pomocniczy Archidiecezji \u0141\u00f3dzkiej. W uroczysto\u015bciach pogrzebowych wzi\u0119li te\u017c udzia\u0142 licznie zgromadzeni bracia i siostry ze wsp\u00f3lnot neokatechumenalnych, ubogacaj\u0105c je pie\u015bniami. Byli tak\u017ce obecni bracia i siostry, kt\u00f3rzy podj\u0119li \u017cycie pustelnicze, korzystaj\u0105c z rady i wsparcia o. Micha\u0142a, oraz liczne grono przyjaci\u00f3\u0142 i os\u00f3b, kt\u00f3re o. Micha\u0142 prowadzi\u0142 jako ojciec duchowny.<\/p>\n<p style=\"font-weight: 400;\">\n<p style=\"text-align: right;\">o. Jan M. Olszewski<\/p>\n<p style=\"font-weight: 400; text-align: right;\"><em>Sekretarz Prowincji<\/em><\/p>\n","protected":false},"excerpt":{"rendered":"<p>\u015ap. Ojciec Micha\u0142 Rafa\u0142 KRAJEWSKI, profes wieczysty i kap\u0142an, jubilat w Zakonie, zmar\u0142 dnia 7 grudnia 2025 r. w Uniwersyteckim Szpitalu Klinicznym w Bia\u0142ymstoku; uko\u0144czy\u0142 55 lat, prze\u017cywszy 37 lat jako zakonnik i 30 lat jako kap\u0142an. O. Micha\u0142 Krajewski urodzi\u0142 si\u0119 dnia 6 stycznia 1970 roku w \u0141odzi, w rodzinie Antoniego i Jadwigi z [&hellip;]<\/p>\n","protected":false},"author":1,"featured_media":11101,"comment_status":"open","ping_status":"open","sticky":false,"template":"","format":"standard","meta":{"_crdt_document":"","footnotes":""},"categories":[55],"tags":[],"class_list":["post-11100","post","type-post","status-publish","format-standard","has-post-thumbnail","hentry","category-nekrologi"],"_links":{"self":[{"href":"https:\/\/www.franciszkanie-warszawa.pl\/index.php?rest_route=\/wp\/v2\/posts\/11100","targetHints":{"allow":["GET"]}}],"collection":[{"href":"https:\/\/www.franciszkanie-warszawa.pl\/index.php?rest_route=\/wp\/v2\/posts"}],"about":[{"href":"https:\/\/www.franciszkanie-warszawa.pl\/index.php?rest_route=\/wp\/v2\/types\/post"}],"author":[{"embeddable":true,"href":"https:\/\/www.franciszkanie-warszawa.pl\/index.php?rest_route=\/wp\/v2\/users\/1"}],"replies":[{"embeddable":true,"href":"https:\/\/www.franciszkanie-warszawa.pl\/index.php?rest_route=%2Fwp%2Fv2%2Fcomments&post=11100"}],"version-history":[{"count":4,"href":"https:\/\/www.franciszkanie-warszawa.pl\/index.php?rest_route=\/wp\/v2\/posts\/11100\/revisions"}],"predecessor-version":[{"id":11115,"href":"https:\/\/www.franciszkanie-warszawa.pl\/index.php?rest_route=\/wp\/v2\/posts\/11100\/revisions\/11115"}],"wp:featuredmedia":[{"embeddable":true,"href":"https:\/\/www.franciszkanie-warszawa.pl\/index.php?rest_route=\/wp\/v2\/media\/11101"}],"wp:attachment":[{"href":"https:\/\/www.franciszkanie-warszawa.pl\/index.php?rest_route=%2Fwp%2Fv2%2Fmedia&parent=11100"}],"wp:term":[{"taxonomy":"category","embeddable":true,"href":"https:\/\/www.franciszkanie-warszawa.pl\/index.php?rest_route=%2Fwp%2Fv2%2Fcategories&post=11100"},{"taxonomy":"post_tag","embeddable":true,"href":"https:\/\/www.franciszkanie-warszawa.pl\/index.php?rest_route=%2Fwp%2Fv2%2Ftags&post=11100"}],"curies":[{"name":"wp","href":"https:\/\/api.w.org\/{rel}","templated":true}]}}