{"id":11080,"date":"2025-11-20T05:42:49","date_gmt":"2025-11-20T04:42:49","guid":{"rendered":"https:\/\/www.franciszkanie-warszawa.pl\/?p=11080"},"modified":"2025-12-09T12:05:01","modified_gmt":"2025-12-09T11:05:01","slug":"zmarl-br-jozef-zglinski","status":"publish","type":"post","link":"https:\/\/www.franciszkanie-warszawa.pl\/?p=11080","title":{"rendered":"\u015ap. br. J\u00f3zef Zgli\u0144ski (1954-2025)"},"content":{"rendered":"<p><strong>\u015aP. BR. J\u00d3ZEF ZGLI\u0143SKI (1954-2024)<\/strong><\/p>\n<p><strong>\u00a0<\/strong><\/p>\n<p>\u015ap. br. J\u00f3zef Zgli\u0144ski, profes wieczysty Prowincji Matki Bo\u017cej Niepokalanej Zakonu Braci Mniejszych Konwentualnych w Polsce, jubilat w Zakonie, zmar\u0142 dnia 19 listopada 2025\u00a0r. w Niepokalanowie, w wieku 71 lat, w 32. roku \u017cycia zakonnego.<\/p>\n<p>\u015ap. br. J\u00f3zef urodzi\u0142 si\u0119 6 marca 1954 r. w Spoczynku, w gminie Koneck (obecnie w woje\u00adw\u00f3dztwie kujawsko-pomorskim). Pochodzi\u0142 z\u00a0rolniczej rodziny J\u00f3zefa i Walerii zd. Marciniak. Mia\u0142 1 brata i 3 siostry. Zosta\u0142 ochrzczony 21\u00a0marca 1954 r. w ko\u015bciele parafialnym pw. \u015bw. Prokopa w Konecku. W tej samej parafii przyj\u0105\u0142 Sakrament Bierzmowania 16 czerwca 1968 r., obieraj\u0105c za swego Patrona \u015bw. Piotra.<\/p>\n<p>Br. J\u00f3zef rozpocz\u0105\u0142 nauk\u0119 w Szkole Podstawowej w \u015awi\u0119tem (1961-1969), kt\u00f3r\u0105 kontynuowa\u0142 w dwuletniej Szkole Przysposobienia Rolniczego w Konecku (1969-1971). Uko\u0144czy\u0142 tak\u017ce kurs traktorzysty, podejmuj\u0105c prac\u0119 w K\u00f3\u0142ku Rolniczym w Konecku. W tym zak\u0142adzie pracowa\u0142 do 1984 r., zdobywaj\u0105c prawo jazdy trzech kategorii (A, B, C) i prawo do obs\u0142ugi technicznej maszyn rolniczych (w tym kombajnu). Nast\u0119pnie przeprowadzi\u0142 si\u0119 do Torunia, pracuj\u0105c od 1 maja 1984 r. w Zrzeszeniu Transportu Prywatnego jako kierowca taks\u00f3wki. Zawiesi\u0142 jednak t\u0119 dzia\u0142alno\u015b\u0107 ze wzgl\u0119du na stan zdrowia rodzic\u00f3w i w 1990 r. powr\u00f3ci\u0142 do rodzinnej miejscowo\u015bci.<\/p>\n<p>W tym czasie w oczach swojego proboszcza uchodzi\u0142 za dobrego chrze\u015bcijanina \u201ezdradzaj\u0105cego od wielu lat objawy powo\u0142ania do s\u0142u\u017cby Bo\u017cej w Ko\u015bciele\u201d, co przejawia\u0142o si\u0119 w wype\u0142nianiu synowskich obowi\u0105zk\u00f3w wobec rodzic\u00f3w, pobo\u017cno\u015bci i pracowito\u015bci (ze \u015awiadectwa moralno\u015bci, z dnia 13.07.1992 r.).<\/p>\n<p>W lipcu 1992 r. br. J\u00f3zef z\u0142o\u017cy\u0142 pro\u015bb\u0119 o przyj\u0119cie go do Zakonu Braci Mniejszych Konwentualnych jako brata zakonnego, by \u2013 jak sam pisa\u0142 \u2013 zrealizowa\u0107 pragnienie ofiarowania Panu Bogu swojej pracy, modlitwy i ca\u0142ego swojego \u017cycia.<\/p>\n<p style=\"font-weight: 400;\">W odpowiedzi zosta\u0142 skierowany do Niepokalanowa, gdzie 18 sierpnia 1992 r. rozpocz\u0105\u0142 postulat, maj\u0105c za magistra o. Andrzeja Dubowskiego. Po roku, zosta\u0142 przeniesiony do Smardzewic, gdzie z dniem 7 wrze\u015bnia 1993 r., wraz z innymi m\u0142odszymi bra\u0107mi, pod okiem o.\u00a0Kazimierza Mo\u015bcickiego, zacz\u0105\u0142 si\u0119 dla niego kanoniczny rok przygotowania do z\u0142o\u017cenia \u015blub\u00f3w zakonnych. Tym samym w \u015bwi\u0119to Narodzenia NMP, 8 wrze\u015bnia 1994 r., m\u00f3g\u0142 z\u0142o\u017cy\u0107 pierwsz\u0105 profesj\u0119 zakonn\u0105 w smardzewickim sanktuarium na r\u0119ce \u00f3wczesnego Sekretarza Prowincji, o.\u00a0Andrzeja Tymi\u0144skiego. Na czas junioratu powr\u00f3ci\u0142 do Niepokalanowa, gdzie pod kierunkiem o. Marka Zienkiewicza, a nast\u0119pnie o. Miros\u0142awa Adaszkiewicza, opr\u00f3cz praktyk duchowych i nauki, podejmowa\u0142 si\u0119 licznych obowi\u0105zk\u00f3w. W tym okresie formacji ni\u00f3s\u0142 pomoc chorym w infirmerii, a tak\u017ce pracowa\u0142 w wysy\u0142alni \u201eRycerza Niepokalanej\u201d i w niepokalanowskiej piekarni, by ostatecznie trafi\u0107 prawie na ca\u0142e swe zakonne \u017cycie do dzia\u0142u mechanicznego. Lata na junioracie by\u0142y naznaczone te\u017c \u015bmierci\u0105 taty w roku 1995.<\/p>\n<p style=\"font-weight: 400;\">W uroczysto\u015b\u0107 \u015bw. Franciszka z Asy\u017cu, 4 pa\u017adziernika 1999 r., w Bazylice w Niepokalanowie \u2013 od lat wyra\u017caj\u0105c pragnienie ofiarowania swojej skromnej modlitwy, pracy i \u017cycia na zawsze Panu Bogu i Matce Naj\u015bwi\u0119tszej oraz s\u0142u\u017cenia, nie ograniczaj\u0105c swych si\u0142 i trudu, w Zakonie Braci Mniejszych w Niepokalanowie (por. Podanie z dnia 26.06.1999 r.) \u2013 br. J\u00f3zef z\u0142o\u017cy\u0142 uroczyste \u015bluby zakonne, kt\u00f3re przyj\u0105\u0142 delegat o. Prowincja\u0142a i \u00f3wczesny gwardian Niepokalanowa, o. Mariusz Pacz\u00f3ski.<\/p>\n<p style=\"font-weight: 400;\">Od pocz\u0105tku swego \u017cycia zakonnego \u015bp. br. J\u00f3zef uchodzi\u0142 za osob\u0119, kt\u00f3ra posiada\u0142a \u0142atwo\u015b\u0107 nawi\u0105zywania dobrych relacji i wsp\u00f3\u0142pracowania z innymi, przez co by\u0142 lubiany i akceptowany przez braci, chocia\u017c nigdy tego nie wykorzystywa\u0142. W pracy by\u0142 sumienny i dok\u0142adny, ofiarny i us\u0142u\u017cny, dyspozycyjny i podejmuj\u0105cy si\u0119 wielu dodatkowych obowi\u0105zk\u00f3w (wr\u0119cz je wyszukuj\u0105c, zw\u0142aszcza, gdy widzia\u0142 wsp\u00f3\u0142braci potrzebuj\u0105cych). Sam sobie stawia\u0142 du\u017ce wymagania i od innych wymaga\u0142 szczero\u015bci, otwarto\u015bci i porz\u0105dku. Nie szuka\u0142 \u017cycia wygodnego i wiele czasu po\u015bwi\u0119ca\u0142 na modlitw\u0119 indywidualn\u0105. Bracia zapewne zapami\u0119taj\u0105 go tak\u017ce jako wieloletniego niestrudzonego pracownika dzia\u0142u mechanicznego, kt\u00f3ry nierzadko do p\u00f3\u017anych godzin po\u015bwi\u0119ca\u0142 sw\u00f3j czas, by szerzy\u0107 kult Niepokalanej i przyczynia\u0107 si\u0119 do produkcji swoistego narz\u0119dzia apostolskiego do pozyskiwania dusz i or\u0119\u017ca do walki ze z\u0142em (jak uczy\u0142 \u015bw. ojciec Maksymilian M. Kolbe), przez wybijanie Cudownego Medalika. Wraz z chorob\u0105 i \u015bmierci\u0105 br.\u00a0J\u00f3zefa odchodzi w cie\u0144 kolejny etap historii Niepokalanowa.<\/p>\n<p style=\"font-weight: 400;\">Br. J\u00f3zef wyszed\u0142 na spotkanie z \u201esiostr\u0105 nasz\u0105 \u015bmierci\u0105 cielesn\u0105\u201d w niepokalanowskim szpitaliku w nocy 19 listopada 2025 r., otoczony obecno\u015bci\u0105 i modlitw\u0105 grupki braci, po otrzymaniu \u015bwi\u0119tych Sakrament\u00f3w. Od kilku lat walczy\u0142 z chorob\u0105 nowotworow\u0105 i by\u0142 poddany operacji. W tym roku, ze wzgl\u0119du na pogarszaj\u0105cy si\u0119 stan zdrowia i konieczn\u0105 ci\u0105g\u0142\u0105 opiek\u0119 trafi\u0142 na kilka miesi\u0119cy do hospicjum. Pragn\u0105\u0142 jednak odej\u015b\u0107 do domu Ojca w miejscu, w kt\u00f3rym prze\u017cywa\u0142 swoje zakonne powo\u0142anie i w kt\u00f3rym po\u015bwi\u0119ca\u0142 si\u0119 w skromnej pracy i cichej modlitwie. Dlatego od sierpnia 2025 r. przebywa\u0142 w infirmerii w Niepokalanowie, przygotowuj\u0105c si\u0119 na ostatni etap swojej drogi i daj\u0105c przyk\u0142ad znoszenia cierpienia i choroby.<\/p>\n<p style=\"font-weight: 400;\">Powierzamy \u015bp. br. J\u00f3zefa Niepokalanej Matce Bo\u017cej, kt\u00f3rej si\u0119 odda\u0142 i da\u0142 prowadzi\u0107 drog\u0105 do Jej Syna, a naszego Pana. Prosimy te\u017c o wstawiennictwo naszych i jego \u015bwi\u0119tych Patron\u00f3w, zw\u0142aszcza \u015bw. Franciszka z Asy\u017cu, w kt\u00f3rych widzia\u0142 skuteczn\u0105 opiek\u0119 i wsparcie w swym zakonnym i \u017cyciowym pielgrzymowaniu i wytrwaniu do ko\u0144ca (por. Podanie z dnia 26.06.1999 r.).<\/p>\n<p style=\"font-weight: 400;\">Uroczysto\u015bci pogrzebowe \u015bp. br. J\u00f3zefa Zgli\u0144skiego odby\u0142y si\u0119 21 listopada 2025 roku w\u00a0Niepokalanowie. Rozpocz\u0119\u0142y si\u0119 o godz. 10.00 czuwaniem modlitewnym w Kaplicy \u015bw.\u00a0Maksymiliana. Nast\u0119pnie bracia przeszli procesyjnie z Sanktuarium do Bazyliki, gdzie o godz. 11.00 zosta\u0142a odprawiona Msza \u015awi\u0119ta w intencji zmar\u0142ego Brata. Przewodniczy\u0142 jej o. Piotr \u017burkiewicz, Minister Prowincjalny, a okoliczno\u015bciow\u0105 homili\u0119 wyg\u0142osi\u0142 o. Zbigniew Dery\u0142o z\u00a0Niepokalanowa. Kondukt \u017ca\u0142obny na\u00a0cmentarz klasztorny poprowadzi\u0142 i przewodniczy\u0142 modlitw\u0105 nad trumn\u0105 zmar\u0142ego brata gwardian niepokalanowskiego klasztoru, o. Piotr Szczepa\u0144ski.<\/p>\n<p style=\"text-align: right;\">o. Jan M. Olszewski<\/p>\n<p style=\"font-weight: 400; text-align: right;\"><em>Sekretarz Prowincji<\/em><\/p>\n","protected":false},"excerpt":{"rendered":"<p>\u015aP. BR. J\u00d3ZEF ZGLI\u0143SKI (1954-2024) \u00a0 \u015ap. br. J\u00f3zef Zgli\u0144ski, profes wieczysty Prowincji Matki Bo\u017cej Niepokalanej Zakonu Braci Mniejszych Konwentualnych w Polsce, jubilat w Zakonie, zmar\u0142 dnia 19 listopada 2025\u00a0r. w Niepokalanowie, w wieku 71 lat, w 32. roku \u017cycia zakonnego. \u015ap. br. J\u00f3zef urodzi\u0142 si\u0119 6 marca 1954 r. w Spoczynku, w gminie Koneck [&hellip;]<\/p>\n","protected":false},"author":1,"featured_media":11088,"comment_status":"open","ping_status":"open","sticky":false,"template":"","format":"standard","meta":{"_crdt_document":"","footnotes":""},"categories":[55],"tags":[],"class_list":["post-11080","post","type-post","status-publish","format-standard","has-post-thumbnail","hentry","category-nekrologi"],"_links":{"self":[{"href":"https:\/\/www.franciszkanie-warszawa.pl\/index.php?rest_route=\/wp\/v2\/posts\/11080","targetHints":{"allow":["GET"]}}],"collection":[{"href":"https:\/\/www.franciszkanie-warszawa.pl\/index.php?rest_route=\/wp\/v2\/posts"}],"about":[{"href":"https:\/\/www.franciszkanie-warszawa.pl\/index.php?rest_route=\/wp\/v2\/types\/post"}],"author":[{"embeddable":true,"href":"https:\/\/www.franciszkanie-warszawa.pl\/index.php?rest_route=\/wp\/v2\/users\/1"}],"replies":[{"embeddable":true,"href":"https:\/\/www.franciszkanie-warszawa.pl\/index.php?rest_route=%2Fwp%2Fv2%2Fcomments&post=11080"}],"version-history":[{"count":4,"href":"https:\/\/www.franciszkanie-warszawa.pl\/index.php?rest_route=\/wp\/v2\/posts\/11080\/revisions"}],"predecessor-version":[{"id":11111,"href":"https:\/\/www.franciszkanie-warszawa.pl\/index.php?rest_route=\/wp\/v2\/posts\/11080\/revisions\/11111"}],"wp:featuredmedia":[{"embeddable":true,"href":"https:\/\/www.franciszkanie-warszawa.pl\/index.php?rest_route=\/wp\/v2\/media\/11088"}],"wp:attachment":[{"href":"https:\/\/www.franciszkanie-warszawa.pl\/index.php?rest_route=%2Fwp%2Fv2%2Fmedia&parent=11080"}],"wp:term":[{"taxonomy":"category","embeddable":true,"href":"https:\/\/www.franciszkanie-warszawa.pl\/index.php?rest_route=%2Fwp%2Fv2%2Fcategories&post=11080"},{"taxonomy":"post_tag","embeddable":true,"href":"https:\/\/www.franciszkanie-warszawa.pl\/index.php?rest_route=%2Fwp%2Fv2%2Ftags&post=11080"}],"curies":[{"name":"wp","href":"https:\/\/api.w.org\/{rel}","templated":true}]}}