{"id":11027,"date":"2025-11-13T21:12:29","date_gmt":"2025-11-13T20:12:29","guid":{"rendered":"https:\/\/www.franciszkanie-warszawa.pl\/?p=11027"},"modified":"2025-12-09T12:04:29","modified_gmt":"2025-12-09T11:04:29","slug":"zmarl-bp-jan-kazimierz-wilk","status":"publish","type":"post","link":"https:\/\/www.franciszkanie-warszawa.pl\/?p=11027","title":{"rendered":"\u015ap. bp Jan Kazimierz Wilk (1951-2025)"},"content":{"rendered":"<section class=\"av_textblock_section \"  itemscope=\"itemscope\" itemtype=\"https:\/\/schema.org\/BlogPosting\" itemprop=\"blogPost\" ><div class='avia_textblock  '   itemprop=\"text\" ><h3>bp Jan Kazimierz Wilk (1951-2025)<\/h3>\n<\/div><\/section>\n<section class=\"av_textblock_section \"  itemscope=\"itemscope\" itemtype=\"https:\/\/schema.org\/BlogPosting\" itemprop=\"blogPost\" ><div class='avia_textblock  '   itemprop=\"text\" ><p class=\"my-2 [&amp;+p]:mt-4 [&amp;_strong:has(+br)]:inline-block [&amp;_strong:has(+br)]:pb-2\">Urodziny: 18 wrze\u015bnia 1951 r. \u2013 Seroczyn, Polska.<br \/>\n\u015aluby zakonne: 3 pa\u017adziernika 1974 r. \u2013 Asy\u017c (W\u0142ochy).<br \/>\n\u015awi\u0119cenia kap\u0142a\u0144skie: 24 czerwca 1976 r. \u2013 Asy\u017c (W\u0142ochy).<br \/>\nNominacja biskupia: 28 stycznia 1998 r.<br \/>\nSakra biskupia: 4 kwietnia 1998 r. \u2013 Formosa \u2013 GO.<br \/>\nObj\u0119cie urz\u0119du: 4 kwietnia 1998 r. \u2013 Formosa \u2013 GO.<br \/>\nNominacja do An\u00e1polis \u2013 GO: 9 czerwca 2004 r.<br \/>\nObj\u0119cie urz\u0119du w An\u00e1polis \u2013 GO: 14 sierpnia 2004 r.<br \/>\nZawo\u0142anie: \u201eUt Amor ametur\u201d (\u201eAby Mi\u0142o\u015b\u0107 by\u0142a kochana\u201d).<\/p>\n<hr class=\"bg-subtle h-px border-0\" \/>\n<h2 class=\"mb-2 mt-4 font-display font-semimedium text-base first:mt-0\">\u017byciorys<\/h2>\n<p style=\"font-weight: 400;\"><a href=\"https:\/\/www.franciszkanie-warszawa.pl\/wp-content\/uploads\/2025\/11\/Bez-tytulu.png\"><img loading=\"lazy\" decoding=\"async\" class=\"alignleft wp-image-11077 size-full\" src=\"https:\/\/www.franciszkanie-warszawa.pl\/wp-content\/uploads\/2025\/11\/Bez-tytulu.png\" alt=\"\" width=\"385\" height=\"522\" srcset=\"https:\/\/www.franciszkanie-warszawa.pl\/wp-content\/uploads\/2025\/11\/Bez-tytulu.png 385w, https:\/\/www.franciszkanie-warszawa.pl\/wp-content\/uploads\/2025\/11\/Bez-tytulu-221x300.png 221w\" sizes=\"auto, (max-width: 385px) 100vw, 385px\" \/><\/a>\u015aP. Ojciec Biskup Jan Kazimierz WILK, profes wieczysty, kap\u0142an i biskup, jubilat w Zakonie i d\u0142ugoletni misjonarz w Brazylii, zmar\u0142 w szpitalu \u00c2nima Centro Hospitalar w An\u00e1polis (GO) dnia 11 listopada 2025 r. Uko\u0144czy\u0142 74 lata, prze\u017cywszy 56 lat jako zakonnik i 49 lat jako kap\u0142an, oraz 27 lat jako biskup, najpierw w diecezji Formosa (1998-2024), a nast\u0119pnie diecezji An\u00e1polis (2004-2025).<\/p>\n<p style=\"font-weight: 400;\">\u015ap. o. bp Jan Wilk urodzi\u0142 si\u0119 18 wrze\u015bnia 1951 r. w Seroczynie (w powiecie soko\u0142owskim) w rodzinie J\u00f3zefa i Reginy z domu Piwko. Mia\u0142 starsz\u0105 siostr\u0119 i brata.<\/p>\n<p style=\"font-weight: 400;\">Zosta\u0142 ochrzczony 14 pa\u017adziernika 1951 r. w ko\u015bciele parafialnym pw. Podwy\u017cszenia Krzy\u017ca \u015awi\u0119tego w Seroczynie, otrzymuj\u0105c imiona Jan Kazimierz. W rodzinie i wsp\u00f3lnocie parafialnej rozwija\u0142o si\u0119 jego \u017cycie religijne poprzez katechizacj\u0119, przyst\u0105pienie do I Komunii \u015bwi\u0119tej i Bierzmowania, a tak\u017ce poprzez pos\u0142ug\u0119 przy o\u0142tarzu w charakterze ministranta.<\/p>\n<p style=\"font-weight: 400;\">W latach 1958-1965 ucz\u0119szcza\u0142 do Szko\u0142y Podstawowej w \u0141azowie, a nast\u0119pnie nauk\u0119 kontynuowa\u0142 pod troskliwym okiem ojca rektora, o. Ignacego Rejcha, w Ni\u017cszym Seminarium Duchownym w Niepokalanowie (1965-1969), kt\u00f3r\u0105 zako\u0144czy\u0142 eksternistycznym egzaminem maturalnym w Otwocku i otrzymaniem \u015bwiadectwa dojrza\u0142o\u015bci (28 czerwca 1969).<\/p>\n<p style=\"font-weight: 400;\">Pragn\u0105c s\u0142u\u017cy\u0107 Bogu i ludziom, z\u0142o\u017cy\u0142 podanie o przyj\u0119cie do nowicjatu Braci Mniejszych Konwentualnych, kt\u00f3ry rozpocz\u0105\u0142 24 sierpnia 1969 r. w \u0141odzi \u0141agiewnikach pod kierunkiem mistrza o. Augustyna Januszewicza. Jak stwierdzi\u0142 jego wychowawca i p\u00f3\u017aniejszy wsp\u00f3\u0142pracownik na misji, ju\u017c wtedy wyr\u00f3\u017cnia\u0142 si\u0105 \u201eujmuj\u0105c\u0105 skromno\u015bci\u0105\u201d. Jego mistrz proroczo zapowiada\u0142, \u017ce \u201ew przysz\u0142o\u015bci mo\u017ce dokona\u0107 wiele dobrego\u201d. Rok p\u00f3\u017aniej, 6 wrze\u015bnia 1970 r. z\u0142o\u017cy\u0142 pierwsz\u0105 profesj\u0119 zakonn\u0105.<\/p>\n<p>O. bp. Jan Wilk kontynuowa\u0142 formacj\u0119 i studia filozoficzno-teologiczne w WSD OO. Franciszkan\u00f3w w Krakowie (1970-1973), uchodz\u0105c za jednego najlepszych alumn\u00f3w, a nast\u0119pnie w <em>Seraphicum<\/em> w Rzymie (1973-1975), gdzie podkre\u015blano jego g\u0142\u0119bokie \u017cycie duchowe, otwarto\u015b\u0107 ducha i entuzjazm prze\u017cywania swego powo\u0142ania. Po przedstawieniu pracy \u201e<em>Creatio <\/em>e <em>recreatio<\/em> secondo san Bonaventura\u201d i zdaniu egzamin\u00f3w, otrzyma\u0142 licencjat kanoniczny z Chrystologii na Papieskim Wydziale Teologicznym \u015bw. Bonawentury w Rzymie (28 czerwca 1977 r.).<\/p>\n<p style=\"font-weight: 400;\">Po czterech latach formacji wst\u0119pnej zosta\u0142 dopuszczony do z\u0142o\u017cenia \u015blub\u00f3w wieczystych, kt\u00f3re przyj\u0105\u0142 genera\u0142 Zakonu o. Witalis Bommarco w wigili\u0119 uroczysto\u015bci \u015bw. Franciszka, 3\u00a0pa\u017adziernika 1974 r., w Bazylice \u015awi\u0119tego Patriarchy w Asy\u017cu we W\u0142oszech.<\/p>\n<p style=\"font-weight: 400;\">Okres formacji seminaryjnej zosta\u0142 uwie\u0144czony \u015bwi\u0119ceniami kap\u0142a\u0144skimi. Najpierw w marcu 1975 r. przyj\u0105\u0142 \u015bwi\u0119cenia w stopniu diakonatu, a nast\u0119pnie w stopniu prezbitera, kt\u00f3re otrzyma\u0142 z r\u0105k o. bpa Oscara Serfilippi, OFMConv, 24 czerwca 1976 r. w Asy\u017cu.<\/p>\n<p style=\"font-weight: 400;\">Przez wszystkie lata studi\u00f3w we W\u0142oszech nie m\u00f3g\u0142 powr\u00f3ci\u0107 do Polski (z racji wydanego w komunistycznej Polsce paszportu z pozwoleniem na tylko jednorazowy wyjazd z kraju). Wykorzystywa\u0142 wi\u0119c wakacje na doskonalenie j\u0119zyka obcego, podejmuj\u0105c nauk\u0119 niemieckiego w <em>Goethe-Institut<\/em> w Radolzfell i w Grafing w Niemczech.<\/p>\n<p style=\"font-weight: 400;\">Pod koniec studi\u00f3w licencjackich wyrazi\u0142 swoj\u0105 gotowo\u015b\u0107 wyjazdu na misje do Brazylii, na kt\u00f3re otrzyma\u0142 zgod\u0119 Prowincja\u0142a z Definitorium. Widzia\u0142 misje \u2013 jak wynika z listu z dnia 15 lutego 1977 r. \u2013 jako szczeg\u00f3lny charyzmat naszego Zakonu. Pragn\u0105\u0142 uczestniczy\u0107 w realizowaniu tego pos\u0142annictwa na wz\u00f3r Ojca Maksymiliana M. Kolbego \u201ejako kap\u0142an i franciszkanin, po\u015bwi\u0119caj\u0105c si\u0119 na s\u0142u\u017cb\u0119 Bogu i bli\u017anim, nios\u0105c Dobr\u0105 Nowin\u0119 i bratersk\u0105 pomoc potrzebuj\u0105cym\u201d.<\/p>\n<p style=\"font-weight: 400;\">Po roku przygotowa\u0144 we W\u0142oszech i na kursie j\u0119zyka w Portugalii (Coimbra), przeszed\u0142 do klasztoru w Santa Severa, gdzie oczekiwa\u0142 na dope\u0142nienie formalno\u015bci, pomagaj\u0105c jednocze\u015bnie w wydawnictwie.<\/p>\n<p style=\"font-weight: 400;\">Ostatecznie w uroczysto\u015b\u0107 \u015bw. Franciszka, 4 pa\u017adziernika 1978 r. przyby\u0142 do Brazylii dla wsparcia naszej prowincjalnej misji w tym kraju, do\u0142\u0105czaj\u0105c do wsp\u00f3lnoty erygowanego w tym samym roku brazylijskiego Niepokalanowa, <em>Jardim da Imaculada<\/em> (\u201eOgr\u00f3d Niepokalanej\u201d) niedaleko stolicy. Na pocz\u0105tek podj\u0105\u0142 si\u0119 obowi\u0105zk\u00f3w odpowiedzialnego za powo\u0142ania, formatora m\u0142odzie\u017cy i wsp\u00f3\u0142pracownika przy wydawaniu brazylijskiego \u201eRycerza Niepokalanej\u201d &#8211; <em>Cavaleiro da Imaculada<\/em>, oraz wikariusza nowotworzonych parafii w Cidade Ocidental i Pedregal; wybudowa\u0142 te\u017c kaplic\u0119 \u015bw. Jan Chrzciciela w Jardim Planalto.<\/p>\n<p style=\"font-weight: 400;\">W latach 1981-1982 by\u0142 proboszczem parafii \u015bw. Antoniego w Cidade Ocidental (GO), przygotowuj\u0105c projekt i rozpoczynaj\u0105c budow\u0119 ko\u015bcio\u0142a parafialnego; a w latach 1982-1986 pe\u0142ni\u0142 urz\u0105d proboszcza parafii \u015bw. Marka i \u015bw. \u0141ukasza w Ceilandii (P\/Norte &#8211; DF), gdzie wybudowa\u0142 ko\u015bci\u00f3\u0142.<\/p>\n<p style=\"font-weight: 400;\">W 1983 r. zosta\u0142 mianowany na trzy lata Asystentem i Wikariuszem w Kustodii Prowincjalnej \u015bw. Maksymiliana w Brazylii, pe\u0142ni\u0105c te\u017c funkcj\u0119 sekretarza Kustodii. W 1984 r. wyrazi\u0142 wol\u0119 sta\u0142ej afiliacji do Kustodii brazylijskiej, po\u015bwi\u0119caj\u0105c si\u0119 ca\u0142kowicie dla pracy w tym kraju. Nie zerwa\u0142 jednak zwi\u0105zku z Prowincj\u0105-matk\u0105, o czym \u015bwiadczy w miar\u0119 bogata korespondencja zachowana w Kurii, zw\u0142aszcza z o. Mariuszem Pacz\u00f3skim.<\/p>\n<p style=\"font-weight: 400;\">W roku 1986, a nast\u0119pnie w 1989, Kapitu\u0142a Prowincjalna powierzy\u0142a mu urz\u0105d kustosza Kustodii \u015bw. Maksymiliana M. Kolbego w Brazylii. Podczas urz\u0119dowania o. Jana Wilka odby\u0142a si\u0119 pierwsza Kapitu\u0142a kustodialna w <em>Jardim da Immaculada<\/em> (3-7.11.1986), a rok p\u00f3\u017aniej zatwierdzono Statuty kustodii \u015bw. Maksymiliana w Brazylii (30.07.1987). Przyczyni\u0142 si\u0119 te\u017c do organizowania \u017cycia i instytucji kustodialnych, w tym WSD \u015bw. Franciszka z Asy\u017cu w Brasilii, kt\u00f3rego zosta\u0142 pierwszym Rektorem (1990-1992). R\u00f3wnocze\u015bnie, po mianowaniu o. Augustyna Januszewicza biskupem, spocz\u0119\u0142y na jego barkach\u00a0 odpowiedzialno\u015b\u0107 i redagowanie <em>Cavaleiro da Imaculada <\/em>(1989-1998).<\/p>\n<p style=\"font-weight: 400;\">W roku 1992, a potem w 1995, zosta\u0142 wybrany na dwie kadencje gwardianem klasztoru <em>Jardim da Imaculada<\/em>. Wype\u0142nia\u0142 w tym czasie r\u00f3wnie\u017c obowi\u0105zki Dyrektora Narodowego Rycerstwa Niepokalanej w Brazylii, Dyrektora <em>Edi\u00e7\u00f5es Kolbe<\/em> i Redaktora Naczelnego <em>Cavaleiro da Imaculada<\/em>. Wyk\u0142ada\u0142 tak\u017ce teologi\u0119 w Seminarium \u015bw. Franciszka i w Instytucie Filozoficzno-Teologicznym \u015bw. Bonawentury oraz prowadzi\u0142 zaj\u0119cia na kursach z Teologii dla \u015bwieckich w Archidiecezji Bras\u00edlia i w Diecezji Luizi\u00e2nia.<\/p>\n<p style=\"font-weight: 400;\">Nie zaniedbywa\u0142 te\u017c zwyczajnej pracy duszpasterskiej, oddaj\u0105c si\u0119 do dyspozycji wiernych w kierownictwie duchowym, prowadzeniu rekolekcji i prelekcji na tematy religijne. Za jego otwarto\u015b\u0107 na potrzeby ludzkie i wielorak\u0105 prac\u0119 Rada miejska Cidade Ocidental nada\u0142a mu tytu\u0142 honorowego obywatela miasta.<\/p>\n<p style=\"font-weight: 400;\">28 stycznia 1998 otrzyma\u0142 nominacj\u0119 Ojca \u015awi\u0119tego Jana Paw\u0142a II na Biskupa Diecezji Formosa (GO), a 4 kwietnia 1998 r. przyj\u0105\u0142 sakr\u0119 biskupi\u0105 i obj\u0105\u0142 swoj\u0105 diecezj\u0119. Jego has\u0142em by\u0142y s\u0142owa: \u201eUt AMOR ametur\u201d \u2013 \u201eaby MI\u0141O\u015a\u0106 by\u0142a kochana\u201d.<\/p>\n<p style=\"font-weight: 400;\">9 czerwca 2004 r. ten sam papie\u017c przeni\u00f3s\u0142 go na biskupstwo w An\u00e1polis (GO). Ingres do katedry mia\u0142 miejsce 14 sierpnia 2004.<\/p>\n<p style=\"font-weight: 400;\">Jako biskup przynale\u017c\u0105cy do Narodowej Konferencji Biskup\u00f3w Brazylii (CNBB) przez dwie kadencje by\u0142 cz\u0142onkiem Rady Sta\u0142ej, a tak\u017ce cz\u0142onkiem Rady Finansowej oraz cz\u0142onkiem Komisji ds. Ewangelizacji. Natomiast w Regionalnej Konferencji Biskup\u00f3w (Regionu \u015arodkowo-Zachodniego) by\u0142 wiceprzewodnicz\u0105cym, przewodnicz\u0105cym i biskupem odpowiedzialnym za Duszpasterstwo Komunikacji, Duszpasterstwo Rodzin i Duszpasterstwo Dzieci.<\/p>\n<p style=\"font-weight: 400;\">Przewodniczy\u0142 \u015bwi\u0119ceniom biskupim ks. bpa Dilmo Franco, obecnego biskupa pomocniczego An\u00e1polis; wy\u015bwi\u0119ci\u0142 110 kap\u0142an\u00f3w, w tym 85 dla duchowie\u0144stwa An\u00e1polis; 113 diakon\u00f3w przygotowuj\u0105cych si\u0119 do prezbiteratu, w tym 85 dla duchowie\u0144stwa An\u00e1polis; oraz 15 diakon\u00f3w sta\u0142ych dla diecezji An\u00e1polis.<\/p>\n<p style=\"font-weight: 400;\">Znajdujemy te\u017c inne jego osi\u0105gni\u0119cia w tej diecezji: przeprowadzi\u0142 44 wizyty duszpasterskie, utworzy\u0142 27 nowych parafii, dokona\u0142 modernizacji Seminarium Diecezjalnego, utworzy\u0142 Wydzia\u0142 Katolicki w An\u00e1polis, uchwali\u0142 Statuty oraz podj\u0105\u0142 si\u0119 licznych inwestycji. W tym wszystkim wyr\u00f3\u017cnia\u0142 si\u0119 prostot\u0105, inteligencj\u0105 i niestrudzon\u0105 prac\u0105, a nade wszystko wype\u0142nia\u0142 swoje obowi\u0105zki duszpasterza i odpowiedzialnego za diecezj\u0119 z mi\u0142o\u015bci\u0105 i oddaniem.<\/p>\n<p style=\"font-weight: 400;\">Od d\u0142u\u017cszego czasu o. bp Jan Wilk do\u015bwiadcza\u0142 cierpienia i choroby. Aby m\u00f3c skutecznie s\u0142u\u017cy\u0107 swoim wiernym, d\u0105\u017cy\u0142 mo\u017cliwymi sposobami do odzyskania zdrowia, zachowuj\u0105c pok\u00f3j i poddaj\u0105c si\u0119 pokornie dyscyplinie leczenia. \u201eNawet w chorobie i s\u0142abo\u015bciach \u2013 wspomina\u0142 jeden z biskup\u00f3w w po\u017cegnaniu z 12.11.2025 r. \u2013 nazywa\u0142 je <em>siostrami<\/em>, przyjmuj\u0105c je z pogod\u0105 ducha, cierpliwo\u015bci\u0105 i zaufaniem. Nigdy nie widzieli\u015bmy go zniech\u0119conego, lecz zawsze pogodnego i oddanego w r\u0119ce Boga\u201d. W tym roku trzykrotnie by\u0142 poddany koniecznej hospitalizacji, a w diecezji musia\u0142 zosta\u0107 wspomagany przez biskupa koadiutora. Do ostatnich dni niez\u0142omnie d\u0105\u017cy\u0142 do powrotu do zdrowia, okazuj\u0105c odwag\u0119, nadziej\u0119 i mi\u0142o\u015b\u0107 do \u017cycia. Siostra nasza \u015bmier\u0107 cielesna wysz\u0142a mu na spotkanie 11 listopada 2025 r., gdy przebywa\u0142 na oddziale intensywnej terapii w szpitalu \u00c2nima Centro Hospitalar w An\u00e1polis.<\/p>\n<p style=\"font-weight: 400;\">\u201eKto zna\u0142 o. Jana \u2013 pisa\u0142 jeden z genera\u0142\u00f3w naszego Zakonu \u2013 ocenia go, jako brata spokojnego, refleksyjnego, inteligentnego, dobrego organizatora i bardzo pracowitego, przyjaciela ludzi, cz\u0142owieka o du\u017cej wyrozumia\u0142o\u015bci\u201d (z listu z dnia 30.01.1998). Natomiast sami wsp\u00f3\u0142bracia wspominaj\u0105 go jako cz\u0142owieka milczenia i modlitwy, wyr\u00f3\u017cniaj\u0105cego si\u0119 prostot\u0105, wielkimi zdolno\u015bciami intelektualnymi i jasno\u015bci\u0105 my\u015bli. Podkre\u015blaj\u0105, \u017ce by\u0142 niezwyk\u0142\u0105 postaci\u0105 dla Zakonu i ca\u0142ego Ko\u015bcio\u0142a, zar\u00f3wno ze wzgl\u0119du na \u015bwiadectwo wiary, jak i g\u0142\u0119bi\u0119 my\u015bli.<\/p>\n<p style=\"font-weight: 400;\">Dzi\u0119kujemy Panu Bogu za osob\u0119 \u015bp. o. bpa Jana Wilka, za dobro, kt\u00f3re po sobie pozostawi\u0142 tu na ziemi, i zarazem zanosimy za niego modlitw\u0119 do Mi\u0142osiernego Boga, aby obdarzy\u0142 go \u017cyciem wiecznym, do kt\u00f3rego zmierza\u0142 \u015bladami \u015bw. Franciszka z Asy\u017cu i \u015bw. Maksymiliana M. Kolbego. Polecamy go te\u017c naszej i Jego Patronce, Niepokalanej Matce Bo\u017cej, aby otwar\u0142a mu bramy Nieba.<\/p>\n<p style=\"font-weight: 400;\">Uroczysto\u015bci po\u017cegnalne \u015bp. o. bpa Jana Wilka odby\u0142y si\u0119 12 listopada 2025 r. w Katedrze pw. Dobrego Jezusa w An\u00e1polis. Najpierw o godzinie 14.00 by\u0142a celebrowana Msza \u015awi\u0119ta \u017ba\u0142obna od jego brazylijskiej Prowincji zakonnej. Kolejn\u0105 msz\u0119 o godzinie 16.00 odprawi\u0142 ks. bp Jo\u00e3o Justino de Medeiros Silva, arcybiskup metropolita Goi\u00e2nia, w obecno\u015bci biskup\u00f3w Regionu Duszpasterskiego. Natomiast po nieszporach, o godzinie 19.00 zosta\u0142a odprawiona ostatnia Msza \u015awi\u0119ta, kt\u00f3rej przewodniczy\u0142 ks. bp Waldemar Passini Dalbello, biskup koadiutor diecezji An\u00e1polis. W uroczysto\u015bciach wzi\u0119\u0142o udzia\u0142 wielu biskup\u00f3w z regionu, duchowie\u0144stwo diecezjalne, zakonnicy i liczni wierni \u015bwieccy z ca\u0142ej diecezji. Na zako\u0144czenie mia\u0142a miejsce uroczysta procesja wok\u00f3\u0142 placu Dobrego Jezusa, wyra\u017caj\u0105ca jedno\u015b\u0107, wdzi\u0119czno\u015b\u0107 i nadziej\u0119 w zmartwychwstanie. Cia\u0142o \u015bp. o. bpa Jana Wilka zosta\u0142o pochowane w Krypcie Katedry Diecezjalnej.<\/p>\n<p style=\"text-align: right;\">o. Jan M. Olszewski<\/p>\n<p style=\"font-weight: 400; text-align: right;\">Sekretarz Prowincji<\/p>\n<\/div><\/section>\n<div id='av-masonry-1' class='av-masonry  noHover av-flex-size av-large-gap av-hover-overlay-active av-masonry-animation-active av-masonry-col-flexible av-caption-always av-caption-style- av-masonry-gallery     '  ><div class='av-masonry-container isotope av-js-disabled ' ><div class='av-masonry-entry isotope-item av-masonry-item-no-image '><\/div><a href=\"https:\/\/www.franciszkanie-warszawa.pl\/wp-content\/uploads\/2025\/11\/WhatsApp-Image-2023-08-23-at-16.15.45-1030x686.jpeg\"  aria-label=\"image WhatsApp-Image-2023-08-23-at-16.15.45\"  id='av-masonry-1-item-11065' data-av-masonry-item='11065' class='av-masonry-entry isotope-item post-11065 attachment type-attachment status-inherit hentry  av-masonry-item-with-image' title=\"WhatsApp-Image-2023-08-23-at-16.15.45\" alt=\"\"   itemprop=\"thumbnailUrl\" ><div class='av-inner-masonry-sizer'><\/div><figure class='av-inner-masonry main_color'><div class=\"av-masonry-outerimage-container\"><div class=\"av-masonry-image-container\" ><img decoding=\"async\" width=\"705\" height=\"470\" class=\"wp-image-11065 avia-img-lazy-loading-not-11065\"  src=\"https:\/\/www.franciszkanie-warszawa.pl\/wp-content\/uploads\/2025\/11\/WhatsApp-Image-2023-08-23-at-16.15.45-705x470.jpeg\" title=\"WhatsApp-Image-2023-08-23-at-16.15.45\" alt=\"\" srcset=\"https:\/\/www.franciszkanie-warszawa.pl\/wp-content\/uploads\/2025\/11\/WhatsApp-Image-2023-08-23-at-16.15.45-705x470.jpeg 705w, https:\/\/www.franciszkanie-warszawa.pl\/wp-content\/uploads\/2025\/11\/WhatsApp-Image-2023-08-23-at-16.15.45-300x200.jpeg 300w, https:\/\/www.franciszkanie-warszawa.pl\/wp-content\/uploads\/2025\/11\/WhatsApp-Image-2023-08-23-at-16.15.45-1030x686.jpeg 1030w, https:\/\/www.franciszkanie-warszawa.pl\/wp-content\/uploads\/2025\/11\/WhatsApp-Image-2023-08-23-at-16.15.45-768x512.jpeg 768w, https:\/\/www.franciszkanie-warszawa.pl\/wp-content\/uploads\/2025\/11\/WhatsApp-Image-2023-08-23-at-16.15.45-1536x1023.jpeg 1536w, https:\/\/www.franciszkanie-warszawa.pl\/wp-content\/uploads\/2025\/11\/WhatsApp-Image-2023-08-23-at-16.15.45-1500x999.jpeg 1500w, https:\/\/www.franciszkanie-warszawa.pl\/wp-content\/uploads\/2025\/11\/WhatsApp-Image-2023-08-23-at-16.15.45.jpeg 1600w\" sizes=\"(max-width: 705px) 100vw, 705px\" \/><\/div><\/div><\/figure><\/a><!--end av-masonry entry--><a href=\"https:\/\/www.franciszkanie-warszawa.pl\/wp-content\/uploads\/2025\/11\/WhatsApp-Image-2023-08-23-at-16.15.48-1030x686.jpeg\"  aria-label=\"image WhatsApp-Image-2023-08-23-at-16.15.48\"  id='av-masonry-1-item-11064' data-av-masonry-item='11064' class='av-masonry-entry isotope-item post-11064 attachment type-attachment status-inherit hentry  av-masonry-item-with-image' title=\"WhatsApp-Image-2023-08-23-at-16.15.48\" alt=\"\"   itemprop=\"thumbnailUrl\" ><div class='av-inner-masonry-sizer'><\/div><figure class='av-inner-masonry main_color'><div class=\"av-masonry-outerimage-container\"><div class=\"av-masonry-image-container\" ><img decoding=\"async\" width=\"705\" height=\"470\" class=\"wp-image-11064 avia-img-lazy-loading-not-11064\"  src=\"https:\/\/www.franciszkanie-warszawa.pl\/wp-content\/uploads\/2025\/11\/WhatsApp-Image-2023-08-23-at-16.15.48-705x470.jpeg\" title=\"WhatsApp-Image-2023-08-23-at-16.15.48\" alt=\"\" srcset=\"https:\/\/www.franciszkanie-warszawa.pl\/wp-content\/uploads\/2025\/11\/WhatsApp-Image-2023-08-23-at-16.15.48-705x470.jpeg 705w, https:\/\/www.franciszkanie-warszawa.pl\/wp-content\/uploads\/2025\/11\/WhatsApp-Image-2023-08-23-at-16.15.48-300x200.jpeg 300w, https:\/\/www.franciszkanie-warszawa.pl\/wp-content\/uploads\/2025\/11\/WhatsApp-Image-2023-08-23-at-16.15.48-1030x686.jpeg 1030w, https:\/\/www.franciszkanie-warszawa.pl\/wp-content\/uploads\/2025\/11\/WhatsApp-Image-2023-08-23-at-16.15.48-768x512.jpeg 768w, https:\/\/www.franciszkanie-warszawa.pl\/wp-content\/uploads\/2025\/11\/WhatsApp-Image-2023-08-23-at-16.15.48-1536x1023.jpeg 1536w, https:\/\/www.franciszkanie-warszawa.pl\/wp-content\/uploads\/2025\/11\/WhatsApp-Image-2023-08-23-at-16.15.48-1500x999.jpeg 1500w, https:\/\/www.franciszkanie-warszawa.pl\/wp-content\/uploads\/2025\/11\/WhatsApp-Image-2023-08-23-at-16.15.48.jpeg 1600w\" sizes=\"(max-width: 705px) 100vw, 705px\" \/><\/div><\/div><\/figure><\/a><!--end av-masonry entry--><a href=\"https:\/\/www.franciszkanie-warszawa.pl\/wp-content\/uploads\/2025\/11\/WhatsApp-Image-2023-08-23-at-16.15.44-1030x686.jpeg\"  aria-label=\"image WhatsApp-Image-2023-08-23-at-16.15.44\"  id='av-masonry-1-item-11063' data-av-masonry-item='11063' class='av-masonry-entry isotope-item post-11063 attachment type-attachment status-inherit hentry  av-masonry-item-with-image' title=\"WhatsApp-Image-2023-08-23-at-16.15.44\" alt=\"\"   itemprop=\"thumbnailUrl\" ><div class='av-inner-masonry-sizer'><\/div><figure class='av-inner-masonry main_color'><div class=\"av-masonry-outerimage-container\"><div class=\"av-masonry-image-container\" ><img decoding=\"async\" width=\"705\" height=\"470\" class=\"wp-image-11063 avia-img-lazy-loading-not-11063\"  src=\"https:\/\/www.franciszkanie-warszawa.pl\/wp-content\/uploads\/2025\/11\/WhatsApp-Image-2023-08-23-at-16.15.44-705x470.jpeg\" title=\"WhatsApp-Image-2023-08-23-at-16.15.44\" alt=\"\" srcset=\"https:\/\/www.franciszkanie-warszawa.pl\/wp-content\/uploads\/2025\/11\/WhatsApp-Image-2023-08-23-at-16.15.44-705x470.jpeg 705w, https:\/\/www.franciszkanie-warszawa.pl\/wp-content\/uploads\/2025\/11\/WhatsApp-Image-2023-08-23-at-16.15.44-300x200.jpeg 300w, https:\/\/www.franciszkanie-warszawa.pl\/wp-content\/uploads\/2025\/11\/WhatsApp-Image-2023-08-23-at-16.15.44-1030x686.jpeg 1030w, https:\/\/www.franciszkanie-warszawa.pl\/wp-content\/uploads\/2025\/11\/WhatsApp-Image-2023-08-23-at-16.15.44-768x512.jpeg 768w, https:\/\/www.franciszkanie-warszawa.pl\/wp-content\/uploads\/2025\/11\/WhatsApp-Image-2023-08-23-at-16.15.44-1536x1023.jpeg 1536w, https:\/\/www.franciszkanie-warszawa.pl\/wp-content\/uploads\/2025\/11\/WhatsApp-Image-2023-08-23-at-16.15.44-1500x999.jpeg 1500w, https:\/\/www.franciszkanie-warszawa.pl\/wp-content\/uploads\/2025\/11\/WhatsApp-Image-2023-08-23-at-16.15.44.jpeg 1600w\" sizes=\"(max-width: 705px) 100vw, 705px\" \/><\/div><\/div><\/figure><\/a><!--end av-masonry entry--><a href=\"https:\/\/www.franciszkanie-warszawa.pl\/wp-content\/uploads\/2025\/11\/WhatsApp-Image-2023-08-23-at-16.15.38-1030x686.jpeg\"  aria-label=\"image WhatsApp-Image-2023-08-23-at-16.15.38\"  id='av-masonry-1-item-11062' data-av-masonry-item='11062' class='av-masonry-entry isotope-item post-11062 attachment type-attachment status-inherit hentry  av-masonry-item-with-image' title=\"WhatsApp-Image-2023-08-23-at-16.15.38\" alt=\"\"   itemprop=\"thumbnailUrl\" ><div class='av-inner-masonry-sizer'><\/div><figure class='av-inner-masonry main_color'><div class=\"av-masonry-outerimage-container\"><div class=\"av-masonry-image-container\" ><img decoding=\"async\" width=\"705\" height=\"470\" class=\"wp-image-11062 avia-img-lazy-loading-not-11062\"  src=\"https:\/\/www.franciszkanie-warszawa.pl\/wp-content\/uploads\/2025\/11\/WhatsApp-Image-2023-08-23-at-16.15.38-705x470.jpeg\" title=\"WhatsApp-Image-2023-08-23-at-16.15.38\" alt=\"\" srcset=\"https:\/\/www.franciszkanie-warszawa.pl\/wp-content\/uploads\/2025\/11\/WhatsApp-Image-2023-08-23-at-16.15.38-705x470.jpeg 705w, https:\/\/www.franciszkanie-warszawa.pl\/wp-content\/uploads\/2025\/11\/WhatsApp-Image-2023-08-23-at-16.15.38-300x200.jpeg 300w, https:\/\/www.franciszkanie-warszawa.pl\/wp-content\/uploads\/2025\/11\/WhatsApp-Image-2023-08-23-at-16.15.38-1030x686.jpeg 1030w, https:\/\/www.franciszkanie-warszawa.pl\/wp-content\/uploads\/2025\/11\/WhatsApp-Image-2023-08-23-at-16.15.38-768x512.jpeg 768w, https:\/\/www.franciszkanie-warszawa.pl\/wp-content\/uploads\/2025\/11\/WhatsApp-Image-2023-08-23-at-16.15.38-1536x1023.jpeg 1536w, https:\/\/www.franciszkanie-warszawa.pl\/wp-content\/uploads\/2025\/11\/WhatsApp-Image-2023-08-23-at-16.15.38-1500x999.jpeg 1500w, https:\/\/www.franciszkanie-warszawa.pl\/wp-content\/uploads\/2025\/11\/WhatsApp-Image-2023-08-23-at-16.15.38.jpeg 1600w\" sizes=\"(max-width: 705px) 100vw, 705px\" \/><\/div><\/div><\/figure><\/a><!--end av-masonry entry--><a href=\"https:\/\/www.franciszkanie-warszawa.pl\/wp-content\/uploads\/2025\/11\/WhatsApp-Image-2023-08-23-at-16.15.39-1030x686.jpeg\"  aria-label=\"image WhatsApp-Image-2023-08-23-at-16.15.39\"  id='av-masonry-1-item-11061' data-av-masonry-item='11061' class='av-masonry-entry isotope-item post-11061 attachment type-attachment status-inherit hentry  av-masonry-item-with-image' title=\"WhatsApp-Image-2023-08-23-at-16.15.39\" alt=\"\"   itemprop=\"thumbnailUrl\" ><div class='av-inner-masonry-sizer'><\/div><figure class='av-inner-masonry main_color'><div class=\"av-masonry-outerimage-container\"><div class=\"av-masonry-image-container\" ><img decoding=\"async\" width=\"705\" height=\"470\" class=\"wp-image-11061 avia-img-lazy-loading-not-11061\"  src=\"https:\/\/www.franciszkanie-warszawa.pl\/wp-content\/uploads\/2025\/11\/WhatsApp-Image-2023-08-23-at-16.15.39-705x470.jpeg\" title=\"WhatsApp-Image-2023-08-23-at-16.15.39\" alt=\"\" srcset=\"https:\/\/www.franciszkanie-warszawa.pl\/wp-content\/uploads\/2025\/11\/WhatsApp-Image-2023-08-23-at-16.15.39-705x470.jpeg 705w, https:\/\/www.franciszkanie-warszawa.pl\/wp-content\/uploads\/2025\/11\/WhatsApp-Image-2023-08-23-at-16.15.39-300x200.jpeg 300w, https:\/\/www.franciszkanie-warszawa.pl\/wp-content\/uploads\/2025\/11\/WhatsApp-Image-2023-08-23-at-16.15.39-1030x686.jpeg 1030w, https:\/\/www.franciszkanie-warszawa.pl\/wp-content\/uploads\/2025\/11\/WhatsApp-Image-2023-08-23-at-16.15.39-768x512.jpeg 768w, https:\/\/www.franciszkanie-warszawa.pl\/wp-content\/uploads\/2025\/11\/WhatsApp-Image-2023-08-23-at-16.15.39-1536x1023.jpeg 1536w, https:\/\/www.franciszkanie-warszawa.pl\/wp-content\/uploads\/2025\/11\/WhatsApp-Image-2023-08-23-at-16.15.39-1500x999.jpeg 1500w, https:\/\/www.franciszkanie-warszawa.pl\/wp-content\/uploads\/2025\/11\/WhatsApp-Image-2023-08-23-at-16.15.39.jpeg 1600w\" sizes=\"(max-width: 705px) 100vw, 705px\" \/><\/div><\/div><\/figure><\/a><!--end av-masonry entry--><a href=\"https:\/\/www.franciszkanie-warszawa.pl\/wp-content\/uploads\/2025\/11\/WhatsApp-Image-2023-08-23-at-16.15.37-1030x686.jpeg\"  aria-label=\"image WhatsApp-Image-2023-08-23-at-16.15.37\"  id='av-masonry-1-item-11060' data-av-masonry-item='11060' class='av-masonry-entry isotope-item post-11060 attachment type-attachment status-inherit hentry  av-masonry-item-with-image' title=\"WhatsApp-Image-2023-08-23-at-16.15.37\" alt=\"\"   itemprop=\"thumbnailUrl\" ><div class='av-inner-masonry-sizer'><\/div><figure class='av-inner-masonry main_color'><div class=\"av-masonry-outerimage-container\"><div class=\"av-masonry-image-container\" ><img decoding=\"async\" width=\"705\" height=\"470\" class=\"wp-image-11060 avia-img-lazy-loading-not-11060\"  src=\"https:\/\/www.franciszkanie-warszawa.pl\/wp-content\/uploads\/2025\/11\/WhatsApp-Image-2023-08-23-at-16.15.37-705x470.jpeg\" title=\"WhatsApp-Image-2023-08-23-at-16.15.37\" alt=\"\" srcset=\"https:\/\/www.franciszkanie-warszawa.pl\/wp-content\/uploads\/2025\/11\/WhatsApp-Image-2023-08-23-at-16.15.37-705x470.jpeg 705w, https:\/\/www.franciszkanie-warszawa.pl\/wp-content\/uploads\/2025\/11\/WhatsApp-Image-2023-08-23-at-16.15.37-300x200.jpeg 300w, https:\/\/www.franciszkanie-warszawa.pl\/wp-content\/uploads\/2025\/11\/WhatsApp-Image-2023-08-23-at-16.15.37-1030x686.jpeg 1030w, https:\/\/www.franciszkanie-warszawa.pl\/wp-content\/uploads\/2025\/11\/WhatsApp-Image-2023-08-23-at-16.15.37-768x512.jpeg 768w, https:\/\/www.franciszkanie-warszawa.pl\/wp-content\/uploads\/2025\/11\/WhatsApp-Image-2023-08-23-at-16.15.37-1536x1023.jpeg 1536w, https:\/\/www.franciszkanie-warszawa.pl\/wp-content\/uploads\/2025\/11\/WhatsApp-Image-2023-08-23-at-16.15.37-1500x999.jpeg 1500w, https:\/\/www.franciszkanie-warszawa.pl\/wp-content\/uploads\/2025\/11\/WhatsApp-Image-2023-08-23-at-16.15.37.jpeg 1600w\" sizes=\"(max-width: 705px) 100vw, 705px\" \/><\/div><\/div><\/figure><\/a><!--end av-masonry entry--><a href=\"https:\/\/www.franciszkanie-warszawa.pl\/wp-content\/uploads\/2025\/11\/WhatsApp-Image-2023-08-23-at-16.15.36-686x1030.jpeg\"  aria-label=\"image WhatsApp-Image-2023-08-23-at-16.15.36\"  id='av-masonry-1-item-11059' data-av-masonry-item='11059' class='av-masonry-entry isotope-item post-11059 attachment type-attachment status-inherit hentry  av-masonry-item-with-image' title=\"WhatsApp-Image-2023-08-23-at-16.15.36\" alt=\"\"   itemprop=\"thumbnailUrl\" ><div class='av-inner-masonry-sizer'><\/div><figure class='av-inner-masonry main_color'><div class=\"av-masonry-outerimage-container\"><div class=\"av-masonry-image-container\" ><img decoding=\"async\" width=\"470\" height=\"705\" class=\"wp-image-11059 avia-img-lazy-loading-not-11059\"  src=\"https:\/\/www.franciszkanie-warszawa.pl\/wp-content\/uploads\/2025\/11\/WhatsApp-Image-2023-08-23-at-16.15.36-470x705.jpeg\" title=\"WhatsApp-Image-2023-08-23-at-16.15.36\" alt=\"\" srcset=\"https:\/\/www.franciszkanie-warszawa.pl\/wp-content\/uploads\/2025\/11\/WhatsApp-Image-2023-08-23-at-16.15.36-470x705.jpeg 470w, https:\/\/www.franciszkanie-warszawa.pl\/wp-content\/uploads\/2025\/11\/WhatsApp-Image-2023-08-23-at-16.15.36-200x300.jpeg 200w, https:\/\/www.franciszkanie-warszawa.pl\/wp-content\/uploads\/2025\/11\/WhatsApp-Image-2023-08-23-at-16.15.36-686x1030.jpeg 686w, https:\/\/www.franciszkanie-warszawa.pl\/wp-content\/uploads\/2025\/11\/WhatsApp-Image-2023-08-23-at-16.15.36-768x1153.jpeg 768w, https:\/\/www.franciszkanie-warszawa.pl\/wp-content\/uploads\/2025\/11\/WhatsApp-Image-2023-08-23-at-16.15.36-1023x1536.jpeg 1023w, https:\/\/www.franciszkanie-warszawa.pl\/wp-content\/uploads\/2025\/11\/WhatsApp-Image-2023-08-23-at-16.15.36-999x1500.jpeg 999w, https:\/\/www.franciszkanie-warszawa.pl\/wp-content\/uploads\/2025\/11\/WhatsApp-Image-2023-08-23-at-16.15.36.jpeg 1066w\" sizes=\"(max-width: 470px) 100vw, 470px\" \/><\/div><\/div><\/figure><\/a><!--end av-masonry entry--><a href=\"https:\/\/www.franciszkanie-warszawa.pl\/wp-content\/uploads\/2025\/11\/WhatsApp-Image-2023-08-23-at-16.15.42-1030x686.jpeg\"  aria-label=\"image WhatsApp-Image-2023-08-23-at-16.15.42\"  id='av-masonry-1-item-11058' data-av-masonry-item='11058' class='av-masonry-entry isotope-item post-11058 attachment type-attachment status-inherit hentry  av-masonry-item-with-image' title=\"WhatsApp-Image-2023-08-23-at-16.15.42\" alt=\"\"   itemprop=\"thumbnailUrl\" ><div class='av-inner-masonry-sizer'><\/div><figure class='av-inner-masonry main_color'><div class=\"av-masonry-outerimage-container\"><div class=\"av-masonry-image-container\" ><img decoding=\"async\" width=\"705\" height=\"470\" class=\"wp-image-11058 avia-img-lazy-loading-not-11058\"  src=\"https:\/\/www.franciszkanie-warszawa.pl\/wp-content\/uploads\/2025\/11\/WhatsApp-Image-2023-08-23-at-16.15.42-705x470.jpeg\" title=\"WhatsApp-Image-2023-08-23-at-16.15.42\" alt=\"\" srcset=\"https:\/\/www.franciszkanie-warszawa.pl\/wp-content\/uploads\/2025\/11\/WhatsApp-Image-2023-08-23-at-16.15.42-705x470.jpeg 705w, https:\/\/www.franciszkanie-warszawa.pl\/wp-content\/uploads\/2025\/11\/WhatsApp-Image-2023-08-23-at-16.15.42-300x200.jpeg 300w, https:\/\/www.franciszkanie-warszawa.pl\/wp-content\/uploads\/2025\/11\/WhatsApp-Image-2023-08-23-at-16.15.42-1030x686.jpeg 1030w, https:\/\/www.franciszkanie-warszawa.pl\/wp-content\/uploads\/2025\/11\/WhatsApp-Image-2023-08-23-at-16.15.42-768x512.jpeg 768w, https:\/\/www.franciszkanie-warszawa.pl\/wp-content\/uploads\/2025\/11\/WhatsApp-Image-2023-08-23-at-16.15.42-1536x1023.jpeg 1536w, https:\/\/www.franciszkanie-warszawa.pl\/wp-content\/uploads\/2025\/11\/WhatsApp-Image-2023-08-23-at-16.15.42-1500x999.jpeg 1500w, https:\/\/www.franciszkanie-warszawa.pl\/wp-content\/uploads\/2025\/11\/WhatsApp-Image-2023-08-23-at-16.15.42.jpeg 1600w\" sizes=\"(max-width: 705px) 100vw, 705px\" \/><\/div><\/div><\/figure><\/a><!--end av-masonry entry--><a href=\"https:\/\/www.franciszkanie-warszawa.pl\/wp-content\/uploads\/2025\/11\/WhatsApp-Image-2023-08-23-at-16.15.25-1030x686.jpeg\"  aria-label=\"image WhatsApp-Image-2023-08-23-at-16.15.25\"  id='av-masonry-1-item-11057' data-av-masonry-item='11057' class='av-masonry-entry isotope-item post-11057 attachment type-attachment status-inherit hentry  av-masonry-item-with-image' title=\"WhatsApp-Image-2023-08-23-at-16.15.25\" alt=\"\"   itemprop=\"thumbnailUrl\" ><div class='av-inner-masonry-sizer'><\/div><figure class='av-inner-masonry main_color'><div class=\"av-masonry-outerimage-container\"><div class=\"av-masonry-image-container\" ><img decoding=\"async\" width=\"705\" height=\"470\" class=\"wp-image-11057 avia-img-lazy-loading-not-11057\"  src=\"https:\/\/www.franciszkanie-warszawa.pl\/wp-content\/uploads\/2025\/11\/WhatsApp-Image-2023-08-23-at-16.15.25-705x470.jpeg\" title=\"WhatsApp-Image-2023-08-23-at-16.15.25\" alt=\"\" srcset=\"https:\/\/www.franciszkanie-warszawa.pl\/wp-content\/uploads\/2025\/11\/WhatsApp-Image-2023-08-23-at-16.15.25-705x470.jpeg 705w, https:\/\/www.franciszkanie-warszawa.pl\/wp-content\/uploads\/2025\/11\/WhatsApp-Image-2023-08-23-at-16.15.25-300x200.jpeg 300w, https:\/\/www.franciszkanie-warszawa.pl\/wp-content\/uploads\/2025\/11\/WhatsApp-Image-2023-08-23-at-16.15.25-1030x686.jpeg 1030w, https:\/\/www.franciszkanie-warszawa.pl\/wp-content\/uploads\/2025\/11\/WhatsApp-Image-2023-08-23-at-16.15.25-768x512.jpeg 768w, https:\/\/www.franciszkanie-warszawa.pl\/wp-content\/uploads\/2025\/11\/WhatsApp-Image-2023-08-23-at-16.15.25-1536x1023.jpeg 1536w, https:\/\/www.franciszkanie-warszawa.pl\/wp-content\/uploads\/2025\/11\/WhatsApp-Image-2023-08-23-at-16.15.25-1500x999.jpeg 1500w, https:\/\/www.franciszkanie-warszawa.pl\/wp-content\/uploads\/2025\/11\/WhatsApp-Image-2023-08-23-at-16.15.25.jpeg 1600w\" sizes=\"(max-width: 705px) 100vw, 705px\" \/><\/div><\/div><\/figure><\/a><!--end av-masonry entry--><a href=\"https:\/\/www.franciszkanie-warszawa.pl\/wp-content\/uploads\/2025\/11\/01-DJW-Infancia-1.jpg\"  aria-label=\"image 01-DJW-Inf\u00e2ncia-1\"  id='av-masonry-1-item-11056' data-av-masonry-item='11056' class='av-masonry-entry isotope-item post-11056 attachment type-attachment status-inherit hentry  av-masonry-item-with-image' title=\"01-DJW-Inf\u00e2ncia-1\" alt=\"\"   itemprop=\"thumbnailUrl\" ><div class='av-inner-masonry-sizer'><\/div><figure class='av-inner-masonry main_color'><div class=\"av-masonry-outerimage-container\"><div class=\"av-masonry-image-container\" ><img decoding=\"async\" width=\"491\" height=\"705\" class=\"wp-image-11056 avia-img-lazy-loading-not-11056\"  src=\"https:\/\/www.franciszkanie-warszawa.pl\/wp-content\/uploads\/2025\/11\/01-DJW-Infancia-1-491x705.jpg\" title=\"01-DJW-Inf\u00e2ncia-1\" alt=\"\" srcset=\"https:\/\/www.franciszkanie-warszawa.pl\/wp-content\/uploads\/2025\/11\/01-DJW-Infancia-1-491x705.jpg 491w, https:\/\/www.franciszkanie-warszawa.pl\/wp-content\/uploads\/2025\/11\/01-DJW-Infancia-1-209x300.jpg 209w, https:\/\/www.franciszkanie-warszawa.pl\/wp-content\/uploads\/2025\/11\/01-DJW-Infancia-1.jpg 658w\" sizes=\"(max-width: 491px) 100vw, 491px\" \/><\/div><\/div><\/figure><\/a><!--end av-masonry entry--><a href=\"https:\/\/www.franciszkanie-warszawa.pl\/wp-content\/uploads\/2025\/11\/02-DJW-Infancia-2.jpg\"  aria-label=\"image 02-DJW-Inf\u00e2ncia-2\"  id='av-masonry-1-item-11055' data-av-masonry-item='11055' class='av-masonry-entry isotope-item post-11055 attachment type-attachment status-inherit hentry  av-masonry-item-with-image' title=\"02-DJW-Inf\u00e2ncia-2\" alt=\"\"   itemprop=\"thumbnailUrl\" ><div class='av-inner-masonry-sizer'><\/div><figure class='av-inner-masonry main_color'><div class=\"av-masonry-outerimage-container\"><div class=\"av-masonry-image-container\" ><img decoding=\"async\" width=\"474\" height=\"705\" class=\"wp-image-11055 avia-img-lazy-loading-not-11055\"  src=\"https:\/\/www.franciszkanie-warszawa.pl\/wp-content\/uploads\/2025\/11\/02-DJW-Infancia-2-474x705.jpg\" title=\"02-DJW-Inf\u00e2ncia-2\" alt=\"\" srcset=\"https:\/\/www.franciszkanie-warszawa.pl\/wp-content\/uploads\/2025\/11\/02-DJW-Infancia-2-474x705.jpg 474w, https:\/\/www.franciszkanie-warszawa.pl\/wp-content\/uploads\/2025\/11\/02-DJW-Infancia-2-202x300.jpg 202w, https:\/\/www.franciszkanie-warszawa.pl\/wp-content\/uploads\/2025\/11\/02-DJW-Infancia-2.jpg 603w\" sizes=\"(max-width: 474px) 100vw, 474px\" \/><\/div><\/div><\/figure><\/a><!--end av-masonry entry--><a href=\"https:\/\/www.franciszkanie-warszawa.pl\/wp-content\/uploads\/2025\/11\/03-Primeira-Comuniao.jpg\"  aria-label=\"image 03-Primeira-Comuni\u00e3o\"  id='av-masonry-1-item-11054' data-av-masonry-item='11054' class='av-masonry-entry isotope-item post-11054 attachment type-attachment status-inherit hentry  av-masonry-item-with-image' title=\"03-Primeira-Comuni\u00e3o\" alt=\"\"   itemprop=\"thumbnailUrl\" ><div class='av-inner-masonry-sizer'><\/div><figure class='av-inner-masonry main_color'><div class=\"av-masonry-outerimage-container\"><div class=\"av-masonry-image-container\" ><img decoding=\"async\" width=\"705\" height=\"507\" class=\"wp-image-11054 avia-img-lazy-loading-not-11054\"  src=\"https:\/\/www.franciszkanie-warszawa.pl\/wp-content\/uploads\/2025\/11\/03-Primeira-Comuniao-705x507.jpg\" title=\"03-Primeira-Comuni\u00e3o\" alt=\"\" srcset=\"https:\/\/www.franciszkanie-warszawa.pl\/wp-content\/uploads\/2025\/11\/03-Primeira-Comuniao-705x507.jpg 705w, https:\/\/www.franciszkanie-warszawa.pl\/wp-content\/uploads\/2025\/11\/03-Primeira-Comuniao-300x216.jpg 300w, https:\/\/www.franciszkanie-warszawa.pl\/wp-content\/uploads\/2025\/11\/03-Primeira-Comuniao.jpg 737w\" sizes=\"(max-width: 705px) 100vw, 705px\" \/><\/div><\/div><\/figure><\/a><!--end av-masonry entry--><a href=\"https:\/\/www.franciszkanie-warszawa.pl\/wp-content\/uploads\/2025\/11\/04-DJW-Seminario-Menor-Niepokalanow.jpg\"  aria-label=\"image 04-DJW-Semin\u00e1rio-Menor-Niepokalanow\"  id='av-masonry-1-item-11053' data-av-masonry-item='11053' class='av-masonry-entry isotope-item post-11053 attachment type-attachment status-inherit hentry  av-masonry-item-with-image' title=\"04-DJW-Semin\u00e1rio-Menor-Niepokalanow\" alt=\"\"   itemprop=\"thumbnailUrl\" ><div class='av-inner-masonry-sizer'><\/div><figure class='av-inner-masonry main_color'><div class=\"av-masonry-outerimage-container\"><div class=\"av-masonry-image-container\" ><img decoding=\"async\" width=\"705\" height=\"605\" class=\"wp-image-11053 avia-img-lazy-loading-not-11053\"  src=\"https:\/\/www.franciszkanie-warszawa.pl\/wp-content\/uploads\/2025\/11\/04-DJW-Seminario-Menor-Niepokalanow-705x605.jpg\" title=\"04-DJW-Semin\u00e1rio-Menor-Niepokalanow\" alt=\"\" srcset=\"https:\/\/www.franciszkanie-warszawa.pl\/wp-content\/uploads\/2025\/11\/04-DJW-Seminario-Menor-Niepokalanow-705x605.jpg 705w, https:\/\/www.franciszkanie-warszawa.pl\/wp-content\/uploads\/2025\/11\/04-DJW-Seminario-Menor-Niepokalanow-300x257.jpg 300w, https:\/\/www.franciszkanie-warszawa.pl\/wp-content\/uploads\/2025\/11\/04-DJW-Seminario-Menor-Niepokalanow.jpg 737w\" sizes=\"(max-width: 705px) 100vw, 705px\" \/><\/div><\/div><\/figure><\/a><!--end av-masonry entry--><a href=\"https:\/\/www.franciszkanie-warszawa.pl\/wp-content\/uploads\/2025\/11\/05-DJW-Noviciado-OFMConv.jpg\"  aria-label=\"image 05-DJW-Noviciado-OFMConv\"  id='av-masonry-1-item-11052' data-av-masonry-item='11052' class='av-masonry-entry isotope-item post-11052 attachment type-attachment status-inherit hentry  av-masonry-item-with-image' title=\"05-DJW-Noviciado-OFMConv\" alt=\"\"   itemprop=\"thumbnailUrl\" ><div class='av-inner-masonry-sizer'><\/div><figure class='av-inner-masonry main_color'><div class=\"av-masonry-outerimage-container\"><div class=\"av-masonry-image-container\" ><img decoding=\"async\" width=\"705\" height=\"431\" class=\"wp-image-11052 avia-img-lazy-loading-not-11052\"  src=\"https:\/\/www.franciszkanie-warszawa.pl\/wp-content\/uploads\/2025\/11\/05-DJW-Noviciado-OFMConv-705x431.jpg\" title=\"05-DJW-Noviciado-OFMConv\" alt=\"\" srcset=\"https:\/\/www.franciszkanie-warszawa.pl\/wp-content\/uploads\/2025\/11\/05-DJW-Noviciado-OFMConv-705x431.jpg 705w, https:\/\/www.franciszkanie-warszawa.pl\/wp-content\/uploads\/2025\/11\/05-DJW-Noviciado-OFMConv-300x184.jpg 300w, https:\/\/www.franciszkanie-warszawa.pl\/wp-content\/uploads\/2025\/11\/05-DJW-Noviciado-OFMConv.jpg 737w\" sizes=\"(max-width: 705px) 100vw, 705px\" \/><\/div><\/div><\/figure><\/a><!--end av-masonry entry--><a href=\"https:\/\/www.franciszkanie-warszawa.pl\/wp-content\/uploads\/2025\/11\/06-DJW-Profissao-Perpetua-Assis.jpg\"  aria-label=\"image 06-DJW-Profiss\u00e3o-Perpetua-Assis\"  id='av-masonry-1-item-11051' data-av-masonry-item='11051' class='av-masonry-entry isotope-item post-11051 attachment type-attachment status-inherit hentry  av-masonry-item-with-image' title=\"06-DJW-Profiss\u00e3o-Perpetua-Assis\" alt=\"\"   itemprop=\"thumbnailUrl\" ><div class='av-inner-masonry-sizer'><\/div><figure class='av-inner-masonry main_color'><div class=\"av-masonry-outerimage-container\"><div class=\"av-masonry-image-container\" ><img decoding=\"async\" width=\"705\" height=\"616\" class=\"wp-image-11051 avia-img-lazy-loading-not-11051\"  src=\"https:\/\/www.franciszkanie-warszawa.pl\/wp-content\/uploads\/2025\/11\/06-DJW-Profissao-Perpetua-Assis-705x616.jpg\" title=\"06-DJW-Profiss\u00e3o-Perpetua-Assis\" alt=\"\" srcset=\"https:\/\/www.franciszkanie-warszawa.pl\/wp-content\/uploads\/2025\/11\/06-DJW-Profissao-Perpetua-Assis-705x616.jpg 705w, https:\/\/www.franciszkanie-warszawa.pl\/wp-content\/uploads\/2025\/11\/06-DJW-Profissao-Perpetua-Assis-300x262.jpg 300w, https:\/\/www.franciszkanie-warszawa.pl\/wp-content\/uploads\/2025\/11\/06-DJW-Profissao-Perpetua-Assis-768x671.jpg 768w, https:\/\/www.franciszkanie-warszawa.pl\/wp-content\/uploads\/2025\/11\/06-DJW-Profissao-Perpetua-Assis.jpg 843w\" sizes=\"(max-width: 705px) 100vw, 705px\" \/><\/div><\/div><\/figure><\/a><!--end av-masonry entry--><a href=\"https:\/\/www.franciszkanie-warszawa.pl\/wp-content\/uploads\/2025\/11\/07-DJW-Ordenacao-Sacerdotal-Assis.jpg\"  aria-label=\"image 07-DJW-Ordenacao-Sacerdotal-Assis\"  id='av-masonry-1-item-11050' data-av-masonry-item='11050' class='av-masonry-entry isotope-item post-11050 attachment type-attachment status-inherit hentry  av-masonry-item-with-image' title=\"07-DJW-Ordenacao-Sacerdotal-Assis\" alt=\"\"   itemprop=\"thumbnailUrl\" ><div class='av-inner-masonry-sizer'><\/div><figure class='av-inner-masonry main_color'><div class=\"av-masonry-outerimage-container\"><div class=\"av-masonry-image-container\" ><img decoding=\"async\" width=\"705\" height=\"500\" class=\"wp-image-11050 avia-img-lazy-loading-not-11050\"  src=\"https:\/\/www.franciszkanie-warszawa.pl\/wp-content\/uploads\/2025\/11\/07-DJW-Ordenacao-Sacerdotal-Assis-705x500.jpg\" title=\"07-DJW-Ordenacao-Sacerdotal-Assis\" alt=\"\" srcset=\"https:\/\/www.franciszkanie-warszawa.pl\/wp-content\/uploads\/2025\/11\/07-DJW-Ordenacao-Sacerdotal-Assis-705x500.jpg 705w, https:\/\/www.franciszkanie-warszawa.pl\/wp-content\/uploads\/2025\/11\/07-DJW-Ordenacao-Sacerdotal-Assis-300x213.jpg 300w, https:\/\/www.franciszkanie-warszawa.pl\/wp-content\/uploads\/2025\/11\/07-DJW-Ordenacao-Sacerdotal-Assis-260x185.jpg 260w, https:\/\/www.franciszkanie-warszawa.pl\/wp-content\/uploads\/2025\/11\/07-DJW-Ordenacao-Sacerdotal-Assis.jpg 737w\" sizes=\"(max-width: 705px) 100vw, 705px\" \/><\/div><\/div><\/figure><\/a><!--end av-masonry entry--><a href=\"https:\/\/www.franciszkanie-warszawa.pl\/wp-content\/uploads\/2025\/11\/08-Primeira-Missa-Polonia.jpg\"  aria-label=\"image 08-Primeira-Missa-Pol\u00f4nia\"  id='av-masonry-1-item-11049' data-av-masonry-item='11049' class='av-masonry-entry isotope-item post-11049 attachment type-attachment status-inherit hentry  av-masonry-item-with-image' title=\"08-Primeira-Missa-Pol\u00f4nia\" alt=\"\"   itemprop=\"thumbnailUrl\" ><div class='av-inner-masonry-sizer'><\/div><figure class='av-inner-masonry main_color'><div class=\"av-masonry-outerimage-container\"><div class=\"av-masonry-image-container\" ><img decoding=\"async\" width=\"325\" height=\"391\" class=\"wp-image-11049 avia-img-lazy-loading-not-11049\"  src=\"https:\/\/www.franciszkanie-warszawa.pl\/wp-content\/uploads\/2025\/11\/08-Primeira-Missa-Polonia.jpg\" title=\"08-Primeira-Missa-Pol\u00f4nia\" alt=\"\" srcset=\"https:\/\/www.franciszkanie-warszawa.pl\/wp-content\/uploads\/2025\/11\/08-Primeira-Missa-Polonia.jpg 325w, https:\/\/www.franciszkanie-warszawa.pl\/wp-content\/uploads\/2025\/11\/08-Primeira-Missa-Polonia-249x300.jpg 249w\" sizes=\"(max-width: 325px) 100vw, 325px\" \/><\/div><\/div><\/figure><\/a><!--end av-masonry entry--><a href=\"https:\/\/www.franciszkanie-warszawa.pl\/wp-content\/uploads\/2025\/11\/09-DJW-Neosacerdote-com-os-pais-729x1030.jpg\"  aria-label=\"image 09-DJW-N\u00e9osacerdote-com-os-pais\"  id='av-masonry-1-item-11048' data-av-masonry-item='11048' class='av-masonry-entry isotope-item post-11048 attachment type-attachment status-inherit hentry  av-masonry-item-with-image' title=\"09-DJW-N\u00e9osacerdote-com-os-pais\" alt=\"\"   itemprop=\"thumbnailUrl\" ><div class='av-inner-masonry-sizer'><\/div><figure class='av-inner-masonry main_color'><div class=\"av-masonry-outerimage-container\"><div class=\"av-masonry-image-container\" ><img decoding=\"async\" width=\"499\" height=\"705\" class=\"wp-image-11048 avia-img-lazy-loading-not-11048\"  src=\"https:\/\/www.franciszkanie-warszawa.pl\/wp-content\/uploads\/2025\/11\/09-DJW-Neosacerdote-com-os-pais-499x705.jpg\" title=\"09-DJW-N\u00e9osacerdote-com-os-pais\" alt=\"\" srcset=\"https:\/\/www.franciszkanie-warszawa.pl\/wp-content\/uploads\/2025\/11\/09-DJW-Neosacerdote-com-os-pais-499x705.jpg 499w, https:\/\/www.franciszkanie-warszawa.pl\/wp-content\/uploads\/2025\/11\/09-DJW-Neosacerdote-com-os-pais-212x300.jpg 212w, https:\/\/www.franciszkanie-warszawa.pl\/wp-content\/uploads\/2025\/11\/09-DJW-Neosacerdote-com-os-pais-729x1030.jpg 729w, https:\/\/www.franciszkanie-warszawa.pl\/wp-content\/uploads\/2025\/11\/09-DJW-Neosacerdote-com-os-pais-768x1086.jpg 768w, https:\/\/www.franciszkanie-warszawa.pl\/wp-content\/uploads\/2025\/11\/09-DJW-Neosacerdote-com-os-pais.jpg 998w\" sizes=\"(max-width: 499px) 100vw, 499px\" \/><\/div><\/div><\/figure><\/a><!--end av-masonry entry--><a href=\"https:\/\/www.franciszkanie-warszawa.pl\/wp-content\/uploads\/2025\/11\/11-Jardim-da-Imaculada.jpg\"  aria-label=\"image 11-Jardim-da-Imaculada\"  id='av-masonry-1-item-11047' data-av-masonry-item='11047' class='av-masonry-entry isotope-item post-11047 attachment type-attachment status-inherit hentry  av-masonry-item-with-image' title=\"11-Jardim-da-Imaculada\" alt=\"\"   itemprop=\"thumbnailUrl\" ><div class='av-inner-masonry-sizer'><\/div><figure class='av-inner-masonry main_color'><div class=\"av-masonry-outerimage-container\"><div class=\"av-masonry-image-container\" ><img decoding=\"async\" width=\"495\" height=\"705\" class=\"wp-image-11047 avia-img-lazy-loading-not-11047\"  src=\"https:\/\/www.franciszkanie-warszawa.pl\/wp-content\/uploads\/2025\/11\/11-Jardim-da-Imaculada-495x705.jpg\" title=\"11-Jardim-da-Imaculada\" alt=\"\" srcset=\"https:\/\/www.franciszkanie-warszawa.pl\/wp-content\/uploads\/2025\/11\/11-Jardim-da-Imaculada-495x705.jpg 495w, https:\/\/www.franciszkanie-warszawa.pl\/wp-content\/uploads\/2025\/11\/11-Jardim-da-Imaculada-210x300.jpg 210w, https:\/\/www.franciszkanie-warszawa.pl\/wp-content\/uploads\/2025\/11\/11-Jardim-da-Imaculada.jpg 517w\" sizes=\"(max-width: 495px) 100vw, 495px\" \/><\/div><\/div><\/figure><\/a><!--end av-masonry entry--><a href=\"https:\/\/www.franciszkanie-warszawa.pl\/wp-content\/uploads\/2025\/11\/10-Missionario-no-Brasil-Jardim-da-Imaculada.jpg\"  aria-label=\"image 10-Mission\u00e1rio-no-Brasil-Jardim-da-Imaculada\"  id='av-masonry-1-item-11046' data-av-masonry-item='11046' class='av-masonry-entry isotope-item post-11046 attachment type-attachment status-inherit hentry  av-masonry-item-with-image' title=\"10-Mission\u00e1rio-no-Brasil-Jardim-da-Imaculada\" alt=\"\"   itemprop=\"thumbnailUrl\" ><div class='av-inner-masonry-sizer'><\/div><figure class='av-inner-masonry main_color'><div class=\"av-masonry-outerimage-container\"><div class=\"av-masonry-image-container\" ><img decoding=\"async\" width=\"705\" height=\"470\" class=\"wp-image-11046 avia-img-lazy-loading-not-11046\"  src=\"https:\/\/www.franciszkanie-warszawa.pl\/wp-content\/uploads\/2025\/11\/10-Missionario-no-Brasil-Jardim-da-Imaculada-705x470.jpg\" title=\"10-Mission\u00e1rio-no-Brasil-Jardim-da-Imaculada\" alt=\"\" srcset=\"https:\/\/www.franciszkanie-warszawa.pl\/wp-content\/uploads\/2025\/11\/10-Missionario-no-Brasil-Jardim-da-Imaculada-705x470.jpg 705w, https:\/\/www.franciszkanie-warszawa.pl\/wp-content\/uploads\/2025\/11\/10-Missionario-no-Brasil-Jardim-da-Imaculada-300x200.jpg 300w, https:\/\/www.franciszkanie-warszawa.pl\/wp-content\/uploads\/2025\/11\/10-Missionario-no-Brasil-Jardim-da-Imaculada.jpg 737w\" sizes=\"(max-width: 705px) 100vw, 705px\" \/><\/div><\/div><\/figure><\/a><!--end av-masonry entry--><a href=\"https:\/\/www.franciszkanie-warszawa.pl\/wp-content\/uploads\/2025\/11\/12-DJW-Ordenacao-Episcopal-Formosa.jpg\"  aria-label=\"image 12-DJW-Ordena\u00e7\u00e3o-Episcopal-Formosa\"  id='av-masonry-1-item-11045' data-av-masonry-item='11045' class='av-masonry-entry isotope-item post-11045 attachment type-attachment status-inherit hentry  av-masonry-item-with-image' title=\"12-DJW-Ordena\u00e7\u00e3o-Episcopal-Formosa\" alt=\"\"   itemprop=\"thumbnailUrl\" ><div class='av-inner-masonry-sizer'><\/div><figure class='av-inner-masonry main_color'><div class=\"av-masonry-outerimage-container\"><div class=\"av-masonry-image-container\" ><img decoding=\"async\" width=\"499\" height=\"705\" class=\"wp-image-11045 avia-img-lazy-loading-not-11045\"  src=\"https:\/\/www.franciszkanie-warszawa.pl\/wp-content\/uploads\/2025\/11\/12-DJW-Ordenacao-Episcopal-Formosa-499x705.jpg\" title=\"12-DJW-Ordena\u00e7\u00e3o-Episcopal-Formosa\" alt=\"\" srcset=\"https:\/\/www.franciszkanie-warszawa.pl\/wp-content\/uploads\/2025\/11\/12-DJW-Ordenacao-Episcopal-Formosa-499x705.jpg 499w, https:\/\/www.franciszkanie-warszawa.pl\/wp-content\/uploads\/2025\/11\/12-DJW-Ordenacao-Episcopal-Formosa-212x300.jpg 212w, https:\/\/www.franciszkanie-warszawa.pl\/wp-content\/uploads\/2025\/11\/12-DJW-Ordenacao-Episcopal-Formosa.jpg 522w\" sizes=\"(max-width: 499px) 100vw, 499px\" \/><\/div><\/div><\/figure><\/a><!--end av-masonry entry--><a href=\"https:\/\/www.franciszkanie-warszawa.pl\/wp-content\/uploads\/2025\/11\/13-DJW-Bispo-de-Anapolis-tomada-de-posse.jpg\"  aria-label=\"image 13-DJW-Bispo-de-An\u00e1polis-tomada-de-posse\"  id='av-masonry-1-item-11044' data-av-masonry-item='11044' class='av-masonry-entry isotope-item post-11044 attachment type-attachment status-inherit hentry  av-masonry-item-with-image' title=\"13-DJW-Bispo-de-An\u00e1polis-tomada-de-posse\" alt=\"\"   itemprop=\"thumbnailUrl\" ><div class='av-inner-masonry-sizer'><\/div><figure class='av-inner-masonry main_color'><div class=\"av-masonry-outerimage-container\"><div class=\"av-masonry-image-container\" ><img decoding=\"async\" width=\"359\" height=\"543\" class=\"wp-image-11044 avia-img-lazy-loading-not-11044\"  src=\"https:\/\/www.franciszkanie-warszawa.pl\/wp-content\/uploads\/2025\/11\/13-DJW-Bispo-de-Anapolis-tomada-de-posse.jpg\" title=\"13-DJW-Bispo-de-An\u00e1polis-tomada-de-posse\" alt=\"\" srcset=\"https:\/\/www.franciszkanie-warszawa.pl\/wp-content\/uploads\/2025\/11\/13-DJW-Bispo-de-Anapolis-tomada-de-posse.jpg 359w, https:\/\/www.franciszkanie-warszawa.pl\/wp-content\/uploads\/2025\/11\/13-DJW-Bispo-de-Anapolis-tomada-de-posse-198x300.jpg 198w\" sizes=\"(max-width: 359px) 100vw, 359px\" \/><\/div><\/div><\/figure><\/a><!--end av-masonry entry--><a href=\"https:\/\/www.franciszkanie-warszawa.pl\/wp-content\/uploads\/2025\/11\/15-DJW-Anapolis-704x1030.jpg\"  aria-label=\"image 15-DJW-An\u00e1polis\"  id='av-masonry-1-item-11043' data-av-masonry-item='11043' class='av-masonry-entry isotope-item post-11043 attachment type-attachment status-inherit hentry  av-masonry-item-with-image' title=\"15-DJW-An\u00e1polis\" alt=\"\"   itemprop=\"thumbnailUrl\" ><div class='av-inner-masonry-sizer'><\/div><figure class='av-inner-masonry main_color'><div class=\"av-masonry-outerimage-container\"><div class=\"av-masonry-image-container\" ><img decoding=\"async\" width=\"482\" height=\"705\" class=\"wp-image-11043 avia-img-lazy-loading-not-11043\"  src=\"https:\/\/www.franciszkanie-warszawa.pl\/wp-content\/uploads\/2025\/11\/15-DJW-Anapolis-482x705.jpg\" title=\"15-DJW-An\u00e1polis\" alt=\"\" srcset=\"https:\/\/www.franciszkanie-warszawa.pl\/wp-content\/uploads\/2025\/11\/15-DJW-Anapolis-482x705.jpg 482w, https:\/\/www.franciszkanie-warszawa.pl\/wp-content\/uploads\/2025\/11\/15-DJW-Anapolis-205x300.jpg 205w, https:\/\/www.franciszkanie-warszawa.pl\/wp-content\/uploads\/2025\/11\/15-DJW-Anapolis-704x1030.jpg 704w, https:\/\/www.franciszkanie-warszawa.pl\/wp-content\/uploads\/2025\/11\/15-DJW-Anapolis.jpg 737w\" sizes=\"(max-width: 482px) 100vw, 482px\" \/><\/div><\/div><\/figure><\/a><!--end av-masonry entry--><a href=\"https:\/\/www.franciszkanie-warszawa.pl\/wp-content\/uploads\/2025\/11\/16-DJW-Bencao-dos-Santos-Oleos.jpg\"  aria-label=\"image 16-DJW-B\u00ean\u00e7\u00e3o-dos-Santos-\u00d3leos\"  id='av-masonry-1-item-11042' data-av-masonry-item='11042' class='av-masonry-entry isotope-item post-11042 attachment type-attachment status-inherit hentry  av-masonry-item-with-image' title=\"16-DJW-B\u00ean\u00e7\u00e3o-dos-Santos-\u00d3leos\" alt=\"\"   itemprop=\"thumbnailUrl\" ><div class='av-inner-masonry-sizer'><\/div><figure class='av-inner-masonry main_color'><div class=\"av-masonry-outerimage-container\"><div class=\"av-masonry-image-container\" ><img decoding=\"async\" width=\"705\" height=\"529\" class=\"wp-image-11042 avia-img-lazy-loading-not-11042\"  src=\"https:\/\/www.franciszkanie-warszawa.pl\/wp-content\/uploads\/2025\/11\/16-DJW-Bencao-dos-Santos-Oleos-705x529.jpg\" title=\"16-DJW-B\u00ean\u00e7\u00e3o-dos-Santos-\u00d3leos\" alt=\"\" srcset=\"https:\/\/www.franciszkanie-warszawa.pl\/wp-content\/uploads\/2025\/11\/16-DJW-Bencao-dos-Santos-Oleos-705x529.jpg 705w, https:\/\/www.franciszkanie-warszawa.pl\/wp-content\/uploads\/2025\/11\/16-DJW-Bencao-dos-Santos-Oleos-300x225.jpg 300w, https:\/\/www.franciszkanie-warszawa.pl\/wp-content\/uploads\/2025\/11\/16-DJW-Bencao-dos-Santos-Oleos.jpg 737w\" sizes=\"(max-width: 705px) 100vw, 705px\" \/><\/div><\/div><\/figure><\/a><!--end av-masonry entry--><\/div><\/div>\n\n","protected":false},"excerpt":{"rendered":"","protected":false},"author":1,"featured_media":11077,"comment_status":"open","ping_status":"open","sticky":false,"template":"","format":"standard","meta":{"_crdt_document":"","footnotes":""},"categories":[55],"tags":[107,95,106,104,103,105],"class_list":["post-11027","post","type-post","status-publish","format-standard","has-post-thumbnail","hentry","category-nekrologi","tag-anapolis","tag-biskup","tag-brazylia","tag-jan","tag-kazimierz","tag-wilk"],"_links":{"self":[{"href":"https:\/\/www.franciszkanie-warszawa.pl\/index.php?rest_route=\/wp\/v2\/posts\/11027","targetHints":{"allow":["GET"]}}],"collection":[{"href":"https:\/\/www.franciszkanie-warszawa.pl\/index.php?rest_route=\/wp\/v2\/posts"}],"about":[{"href":"https:\/\/www.franciszkanie-warszawa.pl\/index.php?rest_route=\/wp\/v2\/types\/post"}],"author":[{"embeddable":true,"href":"https:\/\/www.franciszkanie-warszawa.pl\/index.php?rest_route=\/wp\/v2\/users\/1"}],"replies":[{"embeddable":true,"href":"https:\/\/www.franciszkanie-warszawa.pl\/index.php?rest_route=%2Fwp%2Fv2%2Fcomments&post=11027"}],"version-history":[{"count":9,"href":"https:\/\/www.franciszkanie-warszawa.pl\/index.php?rest_route=\/wp\/v2\/posts\/11027\/revisions"}],"predecessor-version":[{"id":11109,"href":"https:\/\/www.franciszkanie-warszawa.pl\/index.php?rest_route=\/wp\/v2\/posts\/11027\/revisions\/11109"}],"wp:featuredmedia":[{"embeddable":true,"href":"https:\/\/www.franciszkanie-warszawa.pl\/index.php?rest_route=\/wp\/v2\/media\/11077"}],"wp:attachment":[{"href":"https:\/\/www.franciszkanie-warszawa.pl\/index.php?rest_route=%2Fwp%2Fv2%2Fmedia&parent=11027"}],"wp:term":[{"taxonomy":"category","embeddable":true,"href":"https:\/\/www.franciszkanie-warszawa.pl\/index.php?rest_route=%2Fwp%2Fv2%2Fcategories&post=11027"},{"taxonomy":"post_tag","embeddable":true,"href":"https:\/\/www.franciszkanie-warszawa.pl\/index.php?rest_route=%2Fwp%2Fv2%2Ftags&post=11027"}],"curies":[{"name":"wp","href":"https:\/\/api.w.org\/{rel}","templated":true}]}}