{"id":11003,"date":"2025-11-09T21:25:41","date_gmt":"2025-11-09T20:25:41","guid":{"rendered":"https:\/\/www.franciszkanie-warszawa.pl\/?p=11003"},"modified":"2025-11-13T20:38:52","modified_gmt":"2025-11-13T19:38:52","slug":"o-leszek-kowalik","status":"publish","type":"post","link":"https:\/\/www.franciszkanie-warszawa.pl\/?p=11003","title":{"rendered":"\u015ap. o. Leszek Kowalik (1955-2025)"},"content":{"rendered":"<p><a href=\"https:\/\/www.franciszkanie-warszawa.pl\/wp-content\/uploads\/2025\/11\/o_leszek.jpg.webp\"><img loading=\"lazy\" decoding=\"async\" class=\"size-square wp-image-10995 alignleft\" src=\"https:\/\/www.franciszkanie-warszawa.pl\/wp-content\/uploads\/2025\/11\/o_leszek.jpg-180x180.webp\" alt=\"\" width=\"180\" height=\"180\" srcset=\"https:\/\/www.franciszkanie-warszawa.pl\/wp-content\/uploads\/2025\/11\/o_leszek.jpg-180x180.webp 180w, https:\/\/www.franciszkanie-warszawa.pl\/wp-content\/uploads\/2025\/11\/o_leszek.jpg-80x80.webp 80w, https:\/\/www.franciszkanie-warszawa.pl\/wp-content\/uploads\/2025\/11\/o_leszek.jpg-36x36.webp 36w\" sizes=\"auto, (max-width: 180px) 100vw, 180px\" \/><\/a><\/p>\n<p>\u015ap. Ojciec Leszek KOWALIK, profes wieczysty i kap\u0142an, jubilat w Zakonie, zmar\u0142 w szpitalu w G\u0142ownie dnia 3 listopada 2025 r.; uko\u0144czy\u0142 70 lat, prze\u017cywszy 42 lata jako zakonnik i 36 lat jako kap\u0142an.<\/p>\n<p>O. Leszek Kowalik urodzi\u0142 si\u0119 dnia 12 pa\u017adziernika 1955 roku w Skar\u017cysku-Kamiennej, w rodzinie W\u0142odzimierza i Bronis\u0142awy z\u00a0\u00a0domu Grebenstein. Mia\u0142 jednego brata. Zosta\u0142 ochrzczony 25 grudnia 1955 r. w ko\u015bciele parafialnym pw. Naj\u015bwi\u0119tszego Serca Pana Jezusa w Skar\u017cysku Kamiennej.<\/p>\n<p>W latach 1962-1970 kszta\u0142ci\u0142 si\u0119 w Szkole Podstawowej nr\u00a04 w Skar\u017cysku Kamiennej, po uko\u0144czeniu kt\u00f3rej kontynuowa\u0142 nauk\u0119 w I Liceum Og\u00f3lnokszta\u0142c\u0105cym w tym mie\u015bcie. W 1974 zda\u0142 egzamin maturalny.<\/p>\n<p>W mi\u0119dzyczasie ucz\u0119szcza\u0142 na katechizacj\u0119 i bra\u0142 udzia\u0142 w liturgicznej s\u0142u\u017cbie o\u0142tarza oraz formacji oazowej przy franciszka\u0144skim ko\u015bciele Niepokalanego Pocz\u0119cia NMP w Skar\u017cysku-Kamiennej. Tam te\u017c przyst\u0105pi\u0142 do Pierwszej Komunii \u015bw. i 4 pa\u017adziernika 1968 r. przyj\u0105\u0142 sakrament bierzmowania z r\u0105k ks. bpa Walentego W\u00f3jcika, sufragana \u00f3wczesnej diecezji sandomierskiej.<\/p>\n<p>W latach 1974-1979 odby\u0142 studia na Wydziale Matematyki i Fizyki Uniwersytetu Jagiello\u0144skiego w Krakowie w zakresie informatyki, kt\u00f3re uko\u0144czy\u0142 tytu\u0142em magistra. Jednocze\u015bnie bra\u0142 udzia\u0142 w dzia\u0142alno\u015bci Duszpasterstwa Akademickiego, najpierw przy bazylice OO.\u00a0Franciszkan\u00f3w, a nast\u0119pnie przy kolegiacie \u015bw. Anny w Krakowie, w spos\u00f3b szczeg\u00f3lny po\u015bwi\u0119caj\u0105c si\u0119 pracy charytatywnej na rzecz chorych i niewidomych student\u00f3w. W ostatnim roku studi\u00f3w, podczas wakacji, by\u0142 go\u015bciem Instytutu Religijnego Notre-Dame de Vie we Francji i m\u00f3g\u0142 do\u015bwiadczy\u0107 \u017cycia tej \u015bwieckiej wsp\u00f3lnoty katolickiej.<\/p>\n<p>Po studiach, w listopadzie 1979 r., podj\u0105\u0142 prac\u0119 w O\u015brodku Elektronicznego Przetwarzania Danych przy Fabryce Samochod\u00f3w Specjalizowanych \u201ePOLMO-SHL\u201d w Kielcach na stanowisku programisty-projektanta EPD.<\/p>\n<p>Po wype\u0142nieniu obowi\u0105zku trzyletniej pracy absolwenta szko\u0142y wy\u017cszej, powzi\u0105\u0142 decyzj\u0119 wst\u0105pienia do Zakonu Braci Mniejszych Konwentualnych. Wyrazi\u0142 tym samym swoje pragnienie dalszego \u017cycia w Zakonie, aby lepiej m\u00f3c spe\u0142nia\u0107 wskazania Ewangelii i pracowa\u0107 dla dobra Ko\u015bcio\u0142a i ludzi, pod\u0105\u017caj\u0105c \u015bladami \u015bw. Franciszka (z Podania o przyj\u0119cie do Zakonu, z dnia 13.11.1982).<\/p>\n<p>W opinii proboszcza naszej przyklasztornej parafii w Skar\u017cysku-Kamiennej uchodzi\u0142 za rozwa\u017cnego, zawsze pogodnego, sumiennego, us\u0142u\u017cnego i serdecznego, ujmuj\u0105cego pobo\u017cno\u015bci\u0105 i naturaln\u0105 prostot\u0105 cz\u0142owieka i chrze\u015bcijanina, ciesz\u0105cego si\u0119 uznaniem i szacunkiem w\u015br\u00f3d bliskich i koleg\u00f3w (ze \u015awiadectwa moralno\u015bci, z dnia 13.11.1982 r.).<\/p>\n<p style=\"font-weight: 400;\">Mimo sp\u00f3\u017anionego terminu, pro\u015bba kandydata zosta\u0142a przyj\u0119ta i zosta\u0142 skierowany na nowicjat w Smardzewicach, kt\u00f3ry rozpocz\u0105\u0142 7 grudnia 1982 r. pod kierunkiem o. Mariusza Pacz\u00f3skiego. Po otrzymaniu od Prymasa Polski dyspensy od brakuj\u0105cych dni, 4 pa\u017adziernika 1983 r., w uroczysto\u015b\u0107 \u015bw. Franciszka z Asy\u017cu z\u0142o\u017cy\u0142 pierwsz\u0105 profesj\u0119 zakonn\u0105 na r\u0119ce o. Eugeniusza Wiraszki, delegata o. Prowincja\u0142a.<\/p>\n<p style=\"font-weight: 400;\">W tym samym roku rozpocz\u0105\u0142 dalsz\u0105 formacj\u0119 zakonn\u0105 i studia filozoficzno-teologiczne w Wy\u017cszym Seminarium Duchownym w \u0141odzi \u0141agiewnikach, zwie\u0144czone obron\u0105 pracy magisterskiej na Katolickim Uniwersytecie Lubelskim. W oczach wychowawc\u00f3w by\u0142 widziany jako \u201ebardzo dobry, spokojny i pracowity\u201d, \u201esumienny i obowi\u0105zkowy w zleconych pracach i zaj\u0119ciach\u201d alumn, kt\u00f3ry mimo starsze\u0144stwa potrafi\u0142 by\u0107 kole\u017ce\u0144ski, \u017cyczliwy i uczynny oraz \u201eby\u0107 tam, gdzie nale\u017cy\u201d. Podczas studi\u00f3w pomaga\u0142 te\u017c przy komputeryzacji biblioteki Instytutu Franciszka\u0144skiego w \u0141agiewnikach oraz podj\u0105\u0142 wsp\u00f3\u0142prac\u0119 z Zak\u0142adem Biblistyki Akademii Teologii Katolickiej w Warszawie przy komputeryzacji danych z biblistyki.<\/p>\n<p style=\"font-weight: 400;\">Po czterech latach formacji wst\u0119pnej, w uroczysto\u015b\u0107 Niepokalanego Pocz\u0119cia NMP, 8\u00a0grudnia 1987 r. w Niepokalanowie z\u0142o\u017cy\u0142 \u015bluby wieczyste, kt\u00f3re przyj\u0105\u0142 \u00f3wczesny Prowincja\u0142, o.\u00a0Mariusz Pacz\u00f3ski.<\/p>\n<p style=\"font-weight: 400;\">Okres formacji seminaryjnej zosta\u0142 uwie\u0144czony \u015bwi\u0119ceniami kap\u0142a\u0144skimi w sanktuarium \u015bw.\u00a0Antoniego w \u0141odzi \u0141agiewnikach. Najpierw 4 czerwca 1988 r. z r\u0105k ks. bpa Bogdana Bejze, wikariusza generalnego i biskupa pomocniczego diecezji \u0142\u00f3dzkiej, przyj\u0105\u0142 \u015bwi\u0119cenia diakonatu, a 3\u00a0czerwca 1989 r. ks. bp W\u0142adys\u0142aw Zi\u00f3\u0142ek, ordynariusz tej\u017ce diecezji, udzieli\u0142 mu \u015bwi\u0119ce\u0144 w stopniu prezbiteratu.<\/p>\n<p style=\"font-weight: 400;\">Zaraz po \u015bwi\u0119ceniach, uda\u0142 si\u0119 do Kalisza, by pom\u00f3c podczas wakacji w tamtejszej parafii. Dosta\u0142 te\u017c pozwolenie na miesi\u0119czny wyjazd do ZSSR. Z ko\u0144cem sierpnia 1989 r. przyjecha\u0142 do Warszawy, gdzie w grudniu tego\u017c roku zosta\u0142 mianowany zast\u0119pc\u0105 Prowincjalnego Sekretarza ds.\u00a0Misji Zagranicznych, z racji rozszerzenia dzia\u0142alno\u015bci Prowincji na tereny Rosji. R\u00f3wnocze\u015bnie Prowincja\u0142 powierzy\u0142 mu obowi\u0105zek pomocnika Sekretarza Prowincji.<\/p>\n<p style=\"font-weight: 400;\">We wrze\u015bniu 1990 r. o. Leszek zosta\u0142 oddelegowany do pracy duszpasterskiej w\u015br\u00f3d wiernych obrz\u0105dku rzymsko-katolickiego na Bia\u0142orusi, pod jurysdykcj\u0119 ks. bpa Tadeusza Kondrusiewicza, kt\u00f3ry mianowa\u0142 go proboszczem parafii Porozowo z prawem obs\u0142ugiwania parafii M\u015bcib\u00f3w (do 1991 r.) i \u015awis\u0142ocz (do 1992 r.). Od stycznia 1992 r., pozostaj\u0105c proboszczem w Porozowie, przeszed\u0142 pod opiek\u0119 Delegata Prowincja\u0142a na Bia\u0142oru\u015b, a w maju tego samego roku uchwa\u0142\u0105 Kapitu\u0142y Prowincjalnej zosta\u0142 wybrany gwardianem nowoutworzonego klasztoru w Porozowie.<\/p>\n<p style=\"font-weight: 400;\">Z dniem 1 wrze\u015bnia 1993 r. powr\u00f3ci\u0142 do Warszawy, podejmuj\u0105c si\u0119 ponownie pracy w Kurii prowincjalnej. Po roku, 12 pa\u017adziernika 1994, Definitorium prowincjalne powierzy\u0142o mu urz\u0105d gwardiana klasztoru w Wyszogrodzie.<\/p>\n<p style=\"font-weight: 400;\">Po zako\u0144czeniu kadencji w roku 1996 w\u0142adze Prowincji skierowa\u0142y o. Leszka Kowalika do Niepokalanowa, gdzie przebywa\u0142 <em>de familia<\/em> do ko\u0144ca swoich dni. Tam zgodnie ze swoimi zdolno\u015bciami i wyksztalceniem pracowa\u0142 przez wiele lat w Wydawnictwie (najpierw w zespole redakcyjnym \u201eRycerza Niepokalanej\u201d i pomagaj\u0105c przy wydawaniu \u201eRycerzyka Niepokalanej\u201d, nast\u0119pnie b\u0119d\u0105c redaktorem wydawniczym, czy wreszcie wchodz\u0105c do Rady Wydawniczej WOF w Niepokalanowie). Bracia z Niepokalanowa wspominaj\u0105, jak cz\u0119sto do p\u00f3\u017anych godzin wieczornych pali\u0142o si\u0119 \u015bwiat\u0142o w jego pokoju, \u015bwiadcz\u0105ce o jego ofiarno\u015bci w tej cichej pracy wydawniczej.<\/p>\n<p style=\"font-weight: 400;\">Niepokalan\u00f3w by\u0142 dla \u015bp. o. Leszka r\u00f3wnie\u017c szko\u0142\u0105 duchowo\u015bci w oddaniu si\u0119 Niepokalanej na wz\u00f3r \u015bwi\u0119tego Ojca Maksymiliana, jak te\u017c polem jego pokornej pos\u0142ugi kap\u0142a\u0144skiej przy o\u0142tarzu i w konfesjonale oraz miejscem jego franciszka\u0144skiego wzrastania i przyk\u0142adu \u017cycia braterskiego.<\/p>\n<p>O. Leszek s\u0142u\u017cy\u0142 tak\u017ce pomoc\u0105 przy zbieraniu materia\u0142\u00f3w dotycz\u0105cych naszych braci zmar\u0142ych w opinii \u015bwi\u0119to\u015bci i przy spisywaniu zezna\u0144 \u015bwiadk\u00f3w ich \u017cycia na Bia\u0142orusi oraz w Polsce. Jeszcze w roku 1994 powierzono mu funkcj\u0119 notariusza i cz\u0142onka Trybuna\u0142u Archidiecezji Warszawskiej ds. Beatyfikacji naszych siedmiu M\u0119czennik\u00f3w II wojny \u015bwiatowej, czym przyczyni\u0142 si\u0119 do ich wyniesienia na o\u0142tarze w roku 1999. Z tej racji Prowincja\u0142 w\u0142\u0105czy\u0142 go do Mi\u0119dzyprowincjalnej Komisji dla gromadzenia i opracowania materia\u0142\u00f3w przygotowuj\u0105cych duchowo do uroczysto\u015bci beatyfikacyjnych. Natomiast w czerwcu 1997 r. Prymas Polski mianowa\u0142 o. Leszka notariuszem procesu beatyfikacyjnego o. Melchiora Fordona. Powy\u017csze prace \u2013 jak wspominaj\u0105 \u015bwiadkowie \u2013 wykonywa\u0142 precyzyjnie i z najwi\u0119kszym oddaniem.<\/p>\n<p style=\"font-weight: 400;\">Pozostawa\u0142a mu te\u017c bliska sprawa naszych obecno\u015bci na Bia\u0142orusi, kt\u00f3r\u0105 cz\u0119sto nawiedza\u0142 z racji uroczysto\u015bci i konieczno\u015bci udzielenia pomocy braciom. Cieszy\u0142 si\u0119 r\u00f3wnie\u017c szacunkiem braci w Prowincji, kt\u00f3rzy kilkukrotnie wybierali go jako delegata na Kapitu\u0142\u0119 Prowincjaln\u0105. O. Leszek nie zaniecha\u0142 tak\u017ce troski o rodzin\u0119, czego wyrazem by\u0142a sta\u0142a opieka nad chor\u0105 mam\u0105 od lutego 2022 r. do jej \u015bmierci w kwietniu 2024 r.<\/p>\n<p style=\"font-weight: 400;\">W maju 2025 r. wykryto u o. Leszka Kowalika t\u0119tniaka w m\u00f3zgu, kt\u00f3ry okaza\u0142 si\u0119 nieoperowalny. Mimo podj\u0119tych wysi\u0142k\u00f3w i wielokrotnego pobytu w r\u00f3\u017cnych szpitalach, stan zdrowia o. Leszka pogarsza\u0142 si\u0119. W ostatnich dniach w zwi\u0105zku z dodatkowym za\u0142amaniem chorobowym, zosta\u0142 przewieziony do szpitala w G\u0142ownie, gdzie po przyj\u0119ciu \u015bwi\u0119tych sakrament\u00f3w, wyszed\u0142 na spotkanie z siostr\u0105 nasz\u0105 \u015bmierci\u0105 cielesn\u0105.<\/p>\n<p style=\"font-weight: 400;\">W jubileuszowym roku 800-lecia Pie\u015bni S\u0142onecznej \u015bw. Franciszka z Asy\u017cu chcemy chwali\u0107 i b\u0142ogos\u0142awi\u0107 naszego Pana i dzi\u0119ki Mu sk\u0142ada\u0107, r\u00f3wnie\u017c za tych, kt\u00f3rzy s\u0142u\u017cyli Mu z wielk\u0105 pokor\u0105. Dzi\u0119kujemy zatem Panu Bogu za osob\u0119 o. Leszka Kowalika, za jego cich\u0105 pos\u0142ug\u0119 w Zakonie i naszej Prowincji, a zarazem zanosimy za niego modlitw\u0119 do Mi\u0142osiernego Ojca, aby \u2013 dostrzegaj\u0105c gorliwo\u015b\u0107 naszego brata w pe\u0142nieniu Jego \u015bwi\u0119tej woli \u2013 \u201e\u015bmier\u0107 druga nie uczyni\u0142a mu \u017cadnego szkody\u201d (PS\u0142 13) i m\u00f3g\u0142 dost\u0105pi\u0107 rado\u015bci przebywania ze \u015bwi\u0119tymi w Niebie. Polecamy go naszej Patronce, Matce Bo\u017cej Niepokalanej, kt\u00f3ra towarzyszy\u0142a mu w ziemskim i zakonnym pielgrzymowaniu, a tak\u017ce wstawiennictwu naszego Patriarchy, \u015bwi\u0119tego ojca Franciszka i \u015bw. Maksymiliana M. Kolbego.<\/p>\n<p style=\"font-weight: 400;\">Uroczysto\u015bci pogrzebowe \u015bp. o. Leszka Kowalika odby\u0142y si\u0119 dnia 7 listopada 2025 r. w\u00a0\u00a0Niepokalanowie. Rozpocz\u0119\u0142y si\u0119 o godz. 10.00 modlitw\u0105 r\u00f3\u017ca\u0144cow\u0105 w\u00a0kaplicy \u015bw. Maksymiliana, po czym trumna Zmar\u0142ego zosta\u0142a procesyjnie przeniesiona do Bazyliki, gdzie o godzinie 11.00 ks.\u00a0bp Rafa\u0142 Markowski, biskup pomocniczy Archidiecezji Warszawskiej, przewodniczy\u0142 uroczystej Mszy \u015awi\u0119tej w intencji \u015bp. Ojca Leszka. Okoliczno\u015bciow\u0105 homili\u0119 wyg\u0142osi\u0142 o. Ignacy Kosmana z Niepokalanowa. Cia\u0142o zmar\u0142ego Ojca zosta\u0142o z\u0142o\u017cone na cmentarzu zakonnym w Niepokalanowie. Procesj\u0119 na cmentarz poprowadzi\u0142 i przewodniczy\u0142 modlitwom nad trumn\u0105 zmar\u0142ego o. Piotr Szczepa\u0144ski, gwardian niepokalanowskiego klasztoru.<\/p>\n<p>o. Jan M. Olszewski<\/p>\n<p style=\"font-weight: 400;\"><em>Sekretarz Prowincji<\/em><\/p>\n","protected":false},"excerpt":{"rendered":"<p>\u015ap. Ojciec Leszek KOWALIK, profes wieczysty i kap\u0142an, jubilat w Zakonie, zmar\u0142 w szpitalu w G\u0142ownie dnia 3 listopada 2025 r.; uko\u0144czy\u0142 70 lat, prze\u017cywszy 42 lata jako zakonnik i 36 lat jako kap\u0142an. O. Leszek Kowalik urodzi\u0142 si\u0119 dnia 12 pa\u017adziernika 1955 roku w Skar\u017cysku-Kamiennej, w rodzinie W\u0142odzimierza i Bronis\u0142awy z\u00a0\u00a0domu Grebenstein. Mia\u0142 jednego [&hellip;]<\/p>\n","protected":false},"author":1,"featured_media":10995,"comment_status":"open","ping_status":"open","sticky":false,"template":"","format":"standard","meta":{"_crdt_document":"","footnotes":""},"categories":[55],"tags":[],"class_list":["post-11003","post","type-post","status-publish","format-standard","has-post-thumbnail","hentry","category-nekrologi"],"_links":{"self":[{"href":"https:\/\/www.franciszkanie-warszawa.pl\/index.php?rest_route=\/wp\/v2\/posts\/11003","targetHints":{"allow":["GET"]}}],"collection":[{"href":"https:\/\/www.franciszkanie-warszawa.pl\/index.php?rest_route=\/wp\/v2\/posts"}],"about":[{"href":"https:\/\/www.franciszkanie-warszawa.pl\/index.php?rest_route=\/wp\/v2\/types\/post"}],"author":[{"embeddable":true,"href":"https:\/\/www.franciszkanie-warszawa.pl\/index.php?rest_route=\/wp\/v2\/users\/1"}],"replies":[{"embeddable":true,"href":"https:\/\/www.franciszkanie-warszawa.pl\/index.php?rest_route=%2Fwp%2Fv2%2Fcomments&post=11003"}],"version-history":[{"count":4,"href":"https:\/\/www.franciszkanie-warszawa.pl\/index.php?rest_route=\/wp\/v2\/posts\/11003\/revisions"}],"predecessor-version":[{"id":11025,"href":"https:\/\/www.franciszkanie-warszawa.pl\/index.php?rest_route=\/wp\/v2\/posts\/11003\/revisions\/11025"}],"wp:featuredmedia":[{"embeddable":true,"href":"https:\/\/www.franciszkanie-warszawa.pl\/index.php?rest_route=\/wp\/v2\/media\/10995"}],"wp:attachment":[{"href":"https:\/\/www.franciszkanie-warszawa.pl\/index.php?rest_route=%2Fwp%2Fv2%2Fmedia&parent=11003"}],"wp:term":[{"taxonomy":"category","embeddable":true,"href":"https:\/\/www.franciszkanie-warszawa.pl\/index.php?rest_route=%2Fwp%2Fv2%2Fcategories&post=11003"},{"taxonomy":"post_tag","embeddable":true,"href":"https:\/\/www.franciszkanie-warszawa.pl\/index.php?rest_route=%2Fwp%2Fv2%2Ftags&post=11003"}],"curies":[{"name":"wp","href":"https:\/\/api.w.org\/{rel}","templated":true}]}}